{"id":321604,"date":"2026-04-29T12:08:52","date_gmt":"2026-04-29T10:08:52","guid":{"rendered":"https:\/\/www.evearly.news\/fr\/polestar-reduit-ses-emissions-de-31-par-voiture-vendue-tout-en-poursuivant-sa-croissance\/"},"modified":"2026-04-29T12:08:52","modified_gmt":"2026-04-29T10:08:52","slug":"polestar-reduit-ses-emissions-de-31-par-voiture-vendue-tout-en-poursuivant-sa-croissance","status":"publish","type":"post","link":"https:\/\/www.evearly.news\/fr\/polestar-reduit-ses-emissions-de-31-par-voiture-vendue-tout-en-poursuivant-sa-croissance\/","title":{"rendered":"Polestar r\u00e9duit ses \u00e9missions de 31 % par voiture vendue tout en poursuivant sa croissance"},"content":{"rendered":"<p><img decoding=\"async\" src=\"https:\/\/www.evearly.news\/fr\/wp-content\/uploads\/sites\/6\/2026\/04\/polestar-reduit-ses-emissions-de-31-par-voiture-vendue-tout-en-poursuivant-sa-croissance.jpg\" alt=\"Polestar r\u00e9duit ses \u00e9missions de 31 % par voiture vendue tout en poursuivant sa croissance\"><br \/>Le constructeur su\u00e9dois Polestar poursuit sa strat\u00e9gie de croissance tout en revendiquant des progr\u00e8s concrets sur le plan environnemental. Dans son dernier rapport de durabilit\u00e9, la marque annonce avoir r\u00e9duit de 31 % ses \u00e9missions de gaz \u00e0 effet de serre par v\u00e9hicule vendu depuis 2020. Une performance mise en avant alors que ses volumes de ventes et sa pr\u00e9sence\u2026 <a href=https:\/\/electriquemag.fr\/polestar-reduit-emissions-31-voiture-vendue\/ target='bwindow'>Lire la suite&#8230;<\/a><\/p>\n","protected":false},"excerpt":{"rendered":"<p>&#8230; <a class=\"continue-reading-link\" href=\"https:\/\/www.evearly.news\/fr\/polestar-reduit-ses-emissions-de-31-par-voiture-vendue-tout-en-poursuivant-sa-croissance\/\"><\/a><\/p>\n","protected":false},"author":13,"featured_media":321605,"comment_status":"closed","ping_status":"open","sticky":false,"template":"Default","format":"standard","meta":{"footnotes":""},"categories":[13],"tags":[],"class_list":["post-321604","post","type-post","status-publish","format-standard","has-post-thumbnail","hentry","category-electriquemag"],"_links":{"self":[{"href":"https:\/\/www.evearly.news\/fr\/wp-json\/wp\/v2\/posts\/321604","targetHints":{"allow":["GET"]}}],"collection":[{"href":"https:\/\/www.evearly.news\/fr\/wp-json\/wp\/v2\/posts"}],"about":[{"href":"https:\/\/www.evearly.news\/fr\/wp-json\/wp\/v2\/types\/post"}],"author":[{"embeddable":true,"href":"https:\/\/www.evearly.news\/fr\/wp-json\/wp\/v2\/users\/13"}],"replies":[{"embeddable":true,"href":"https:\/\/www.evearly.news\/fr\/wp-json\/wp\/v2\/comments?post=321604"}],"version-history":[{"count":0,"href":"https:\/\/www.evearly.news\/fr\/wp-json\/wp\/v2\/posts\/321604\/revisions"}],"wp:featuredmedia":[{"embeddable":true,"href":"https:\/\/www.evearly.news\/fr\/wp-json\/wp\/v2\/media\/321605"}],"wp:attachment":[{"href":"https:\/\/www.evearly.news\/fr\/wp-json\/wp\/v2\/media?parent=321604"}],"wp:term":[{"taxonomy":"category","embeddable":true,"href":"https:\/\/www.evearly.news\/fr\/wp-json\/wp\/v2\/categories?post=321604"},{"taxonomy":"post_tag","embeddable":true,"href":"https:\/\/www.evearly.news\/fr\/wp-json\/wp\/v2\/tags?post=321604"}],"curies":[{"name":"wp","href":"https:\/\/api.w.org\/{rel}","templated":true}]}}