{"id":321606,"date":"2026-04-29T12:11:33","date_gmt":"2026-04-29T10:11:33","guid":{"rendered":"https:\/\/www.evearly.news\/fr\/nouvelle-volkswagen-id-polo-toutes-les-infos-photos-et-nos-premieres-impressions-a-bord\/"},"modified":"2026-04-29T12:11:33","modified_gmt":"2026-04-29T10:11:33","slug":"nouvelle-volkswagen-id-polo-toutes-les-infos-photos-et-nos-premieres-impressions-a-bord","status":"publish","type":"post","link":"https:\/\/www.evearly.news\/fr\/nouvelle-volkswagen-id-polo-toutes-les-infos-photos-et-nos-premieres-impressions-a-bord\/","title":{"rendered":"Nouvelle Volkswagen ID.Polo : toutes les infos, photos et nos premi\u00e8res impressions \u00e0 bord !"},"content":{"rendered":"<div class=\"media_block\"><img decoding=\"async\" src=\"https:\/\/www.evearly.news\/fr\/wp-content\/uploads\/sites\/6\/2026\/04\/nouvelle-volkswagen-id-polo-toutes-les-infos-photos-et-nos-premieres-impressions-a-bord.jpg\"><\/div>\n<p>Au-del\u00e0 du c\u00f4t\u00e9 symbolique de son nom, l\u2019ID.Polo marque un retour aux traditions de Volkswagen dans sa fa\u00e7on de concevoir ses mod\u00e8les. Avec ses airs de petite Golf, la citadine \u00e9lectrique allemande renoue tout d\u2019abord avec le design sobre qui est la marque de fabrique du constructeur allemand. Pragmatique avec une ergonomie classique mais pl\u00e9biscit\u00e9 par les clients de la maison VW, l&rsquo;habitacle de l&rsquo;ID. Polo cache aussi quelques astuces pratiques qui feront leur petit effet. Enfin, en d\u00e9barquant avec deux batteries et en serrant les prix, cette allemande se place d\u2019embl\u00e9e parmi les citadines \u00e9lectriques les plus \u00e0 m\u00eame de bousculer une Renault 5, une tricolore qui figure parmi les meilleures ventes de la cat\u00e9gorie en Europe. <a href=https:\/\/www.automobile-magazine.fr\/nouveautes\/article\/51747-nouvelle-volkswagen-idpolo-toutes-les-infos-photos-et-nos-premieres-impressions-a-bord alt='automobile magazine' target='blank'>Lire la suite&#8230;<\/a><\/p>\n","protected":false},"excerpt":{"rendered":"<div class=\"media_block\"><img decoding=\"async\" src=\"https:\/\/www.evearly.news\/fr\/wp-content\/uploads\/sites\/6\/2026\/04\/nouvelle-volkswagen-id-polo-toutes-les-infos-photos-et-nos-premieres-impressions-a-bord.jpg\"><\/div>\n<p> <a class=\"continue-reading-link\" href=\"https:\/\/www.evearly.news\/fr\/nouvelle-volkswagen-id-polo-toutes-les-infos-photos-et-nos-premieres-impressions-a-bord\/\"><\/a><\/p>\n","protected":false},"author":7,"featured_media":321607,"comment_status":"closed","ping_status":"open","sticky":false,"template":"Default","format":"standard","meta":{"footnotes":""},"categories":[7],"tags":[],"class_list":["post-321606","post","type-post","status-publish","format-standard","has-post-thumbnail","hentry","category-automobile-magazine"],"_links":{"self":[{"href":"https:\/\/www.evearly.news\/fr\/wp-json\/wp\/v2\/posts\/321606","targetHints":{"allow":["GET"]}}],"collection":[{"href":"https:\/\/www.evearly.news\/fr\/wp-json\/wp\/v2\/posts"}],"about":[{"href":"https:\/\/www.evearly.news\/fr\/wp-json\/wp\/v2\/types\/post"}],"author":[{"embeddable":true,"href":"https:\/\/www.evearly.news\/fr\/wp-json\/wp\/v2\/users\/7"}],"replies":[{"embeddable":true,"href":"https:\/\/www.evearly.news\/fr\/wp-json\/wp\/v2\/comments?post=321606"}],"version-history":[{"count":0,"href":"https:\/\/www.evearly.news\/fr\/wp-json\/wp\/v2\/posts\/321606\/revisions"}],"wp:featuredmedia":[{"embeddable":true,"href":"https:\/\/www.evearly.news\/fr\/wp-json\/wp\/v2\/media\/321607"}],"wp:attachment":[{"href":"https:\/\/www.evearly.news\/fr\/wp-json\/wp\/v2\/media?parent=321606"}],"wp:term":[{"taxonomy":"category","embeddable":true,"href":"https:\/\/www.evearly.news\/fr\/wp-json\/wp\/v2\/categories?post=321606"},{"taxonomy":"post_tag","embeddable":true,"href":"https:\/\/www.evearly.news\/fr\/wp-json\/wp\/v2\/tags?post=321606"}],"curies":[{"name":"wp","href":"https:\/\/api.w.org\/{rel}","templated":true}]}}