{"id":321610,"date":"2026-04-29T12:13:50","date_gmt":"2026-04-29T10:13:50","guid":{"rendered":"https:\/\/www.evearly.news\/fr\/volkswagen-inaugure-une-nouvelle-ere-avec-la-id-polo-a-un-prix-inferieur-a-25-000-euros\/"},"modified":"2026-04-29T12:13:50","modified_gmt":"2026-04-29T10:13:50","slug":"volkswagen-inaugure-une-nouvelle-ere-avec-la-id-polo-a-un-prix-inferieur-a-25-000-euros","status":"publish","type":"post","link":"https:\/\/www.evearly.news\/fr\/volkswagen-inaugure-une-nouvelle-ere-avec-la-id-polo-a-un-prix-inferieur-a-25-000-euros\/","title":{"rendered":"Volkswagen inaugure une nouvelle \u00e8re avec la ID. Polo \u00e0 un prix inf\u00e9rieur \u00e0 25\u00a0000 euros"},"content":{"rendered":"<p><img width=\"1920\" height=\"1279\" src=\"https:\/\/www.evearly.news\/fr\/wp-content\/uploads\/sites\/6\/2026\/04\/volkswagen-inaugure-une-nouvelle-ere-avec-la-id-polo-a-un-prix-inferieur-a-25-000-euros.jpg\" class=\"attachment-full size-full wp-post-image\" alt=\"Volkswagen Id Polo 2026 Presentation\" decoding=\"async\" loading=\"lazy\" srcset=\"https:\/\/www.evearly.news\/fr\/wp-content\/uploads\/sites\/6\/2026\/04\/volkswagen-inaugure-une-nouvelle-ere-avec-la-id-polo-a-un-prix-inferieur-a-25-000-euros.jpg 1920w, https:\/\/www.evearly.news\/fr\/wp-content\/uploads\/sites\/6\/2026\/04\/volkswagen-inaugure-une-nouvelle-ere-avec-la-id-polo-a-un-prix-inferieur-a-25-000-euros-1.jpg 384w, https:\/\/www.evearly.news\/fr\/wp-content\/uploads\/sites\/6\/2026\/04\/volkswagen-inaugure-une-nouvelle-ere-avec-la-id-polo-a-un-prix-inferieur-a-25-000-euros-2.jpg 880w, https:\/\/www.evearly.news\/fr\/wp-content\/uploads\/sites\/6\/2026\/04\/volkswagen-inaugure-une-nouvelle-ere-avec-la-id-polo-a-un-prix-inferieur-a-25-000-euros-3.jpg 50w, https:\/\/www.evearly.news\/fr\/wp-content\/uploads\/sites\/6\/2026\/04\/volkswagen-inaugure-une-nouvelle-ere-avec-la-id-polo-a-un-prix-inferieur-a-25-000-euros-4.jpg 640w, https:\/\/www.evearly.news\/fr\/wp-content\/uploads\/sites\/6\/2026\/04\/volkswagen-inaugure-une-nouvelle-ere-avec-la-id-polo-a-un-prix-inferieur-a-25-000-euros-5.jpg 1280w, https:\/\/www.presse-citron.net\/app\/uploads\/2026\/04\/volkswagen-id-polo-2026-presentation-1632x1087.jpg 1632w\" sizes=\"auto, (max-width: 1920px) 100vw, 1920px\"><\/p>\n<p>La rivale de la Renault Twingo et de la BYD Dolpin Surf vient d\u2019\u00eatre d\u00e9voil\u00e9e ce 29 avril apr\u00e8s des ann\u00e9es d\u2019attente. Elle est la moins ch\u00e8re des voitures \u00e9lectriques de Volkswagen, la premi\u00e8re \u00e0 un tarif inf\u00e9rieur \u00e0 25 000 euros, soit 10 000 euros de moins qu\u2019une ID.3. La marque allemande d\u00e9voile les informations sur sa nouvelle citadine, rivale de la Renault Twingo \u00e9lectrique.<a href=\"https:\/\/www.presse-citron.net\/volkswagen-inaugure-une-nouvelle-ere-avec-la-id-polo-a-un-prix-inferieur-a-25-000-euros\/\" target=blank> Lire la suite&#8230;<\/a><\/p>\n","protected":false},"excerpt":{"rendered":"<p>La rivale de la Renault Twingo et de la BYD Dolpin Surf vient d\u2019\u00eatre d\u00e9voil\u00e9e ce 29 avril apr\u00e8s des ann\u00e9es d\u2019attente. Elle est la moins ch\u00e8re des voitures \u00e9lectriques de Volkswagen, la premi\u00e8re \u00e0 un tarif inf\u00e9rieur \u00e0 25 000 euros, soit 10 000 euros de moins qu\u2019une ID.3. La marque allemande d\u00e9voile les informations sur sa nouvelle citadine, rivale de la Renault Twingo \u00e9lectrique&#8230;. <a class=\"continue-reading-link\" href=\"https:\/\/www.evearly.news\/fr\/volkswagen-inaugure-une-nouvelle-ere-avec-la-id-polo-a-un-prix-inferieur-a-25-000-euros\/\"><\/a><\/p>\n","protected":false},"author":18,"featured_media":321611,"comment_status":"closed","ping_status":"open","sticky":false,"template":"Default","format":"standard","meta":{"footnotes":""},"categories":[19],"tags":[],"class_list":["post-321610","post","type-post","status-publish","format-standard","has-post-thumbnail","hentry","category-presse-citron"],"_links":{"self":[{"href":"https:\/\/www.evearly.news\/fr\/wp-json\/wp\/v2\/posts\/321610","targetHints":{"allow":["GET"]}}],"collection":[{"href":"https:\/\/www.evearly.news\/fr\/wp-json\/wp\/v2\/posts"}],"about":[{"href":"https:\/\/www.evearly.news\/fr\/wp-json\/wp\/v2\/types\/post"}],"author":[{"embeddable":true,"href":"https:\/\/www.evearly.news\/fr\/wp-json\/wp\/v2\/users\/18"}],"replies":[{"embeddable":true,"href":"https:\/\/www.evearly.news\/fr\/wp-json\/wp\/v2\/comments?post=321610"}],"version-history":[{"count":0,"href":"https:\/\/www.evearly.news\/fr\/wp-json\/wp\/v2\/posts\/321610\/revisions"}],"wp:featuredmedia":[{"embeddable":true,"href":"https:\/\/www.evearly.news\/fr\/wp-json\/wp\/v2\/media\/321611"}],"wp:attachment":[{"href":"https:\/\/www.evearly.news\/fr\/wp-json\/wp\/v2\/media?parent=321610"}],"wp:term":[{"taxonomy":"category","embeddable":true,"href":"https:\/\/www.evearly.news\/fr\/wp-json\/wp\/v2\/categories?post=321610"},{"taxonomy":"post_tag","embeddable":true,"href":"https:\/\/www.evearly.news\/fr\/wp-json\/wp\/v2\/tags?post=321610"}],"curies":[{"name":"wp","href":"https:\/\/api.w.org\/{rel}","templated":true}]}}