{"id":321629,"date":"2026-04-29T16:02:30","date_gmt":"2026-04-29T14:02:30","guid":{"rendered":"https:\/\/www.evearly.news\/fr\/transport-routier-en-ile-de-france-la-decarbonation-avance-plus-vite-que-prevu-grace-au-programme-eve\/"},"modified":"2026-04-29T16:02:30","modified_gmt":"2026-04-29T14:02:30","slug":"transport-routier-en-ile-de-france-la-decarbonation-avance-plus-vite-que-prevu-grace-au-programme-eve","status":"publish","type":"post","link":"https:\/\/www.evearly.news\/fr\/transport-routier-en-ile-de-france-la-decarbonation-avance-plus-vite-que-prevu-grace-au-programme-eve\/","title":{"rendered":"Transport routier : en \u00cele-de-France, la d\u00e9carbonation avance plus vite que pr\u00e9vu gr\u00e2ce au programme EVE"},"content":{"rendered":"<p><img loading=\"lazy\" decoding=\"async\" width=\"500\" height=\"333\" src=\"https:\/\/www.evearly.news\/fr\/wp-content\/uploads\/sites\/6\/2026\/04\/transport-routier-en-ile-de-france-la-decarbonation-avance-plus-vite-que-prevu-grace-au-programme-eve.jpg\" class=\"attachment-1200x800 size-1200x800 wp-post-image\" alt=\"EVE\" srcset=\"https:\/\/www.evearly.news\/fr\/wp-content\/uploads\/sites\/6\/2026\/04\/transport-routier-en-ile-de-france-la-decarbonation-avance-plus-vite-que-prevu-grace-au-programme-eve.jpg 2560w, https:\/\/www.evearly.news\/fr\/wp-content\/uploads\/sites\/6\/2026\/04\/transport-routier-en-ile-de-france-la-decarbonation-avance-plus-vite-que-prevu-grace-au-programme-eve-1.jpg 1640w, https:\/\/www.evearly.news\/fr\/wp-content\/uploads\/sites\/6\/2026\/04\/transport-routier-en-ile-de-france-la-decarbonation-avance-plus-vite-que-prevu-grace-au-programme-eve-2.jpg 1024w, https:\/\/www.evearly.news\/fr\/wp-content\/uploads\/sites\/6\/2026\/04\/transport-routier-en-ile-de-france-la-decarbonation-avance-plus-vite-que-prevu-grace-au-programme-eve-3.jpg 768w, https:\/\/www.evearly.news\/fr\/wp-content\/uploads\/sites\/6\/2026\/04\/transport-routier-en-ile-de-france-la-decarbonation-avance-plus-vite-que-prevu-grace-au-programme-eve-4.jpg 1536w, https:\/\/www.evearly.news\/fr\/wp-content\/uploads\/sites\/6\/2026\/04\/transport-routier-en-ile-de-france-la-decarbonation-avance-plus-vite-que-prevu-grace-au-programme-eve-5.jpg 2048w, https:\/\/www.evearly.news\/fr\/wp-content\/uploads\/sites\/6\/2026\/04\/transport-routier-en-ile-de-france-la-decarbonation-avance-plus-vite-que-prevu-grace-au-programme-eve-6.jpg 700w, https:\/\/cdn.automobile-propre.com\/uploads\/2026\/04\/baniere-site-eve-scaled-1-960x366.jpg 960w\" sizes=\"auto, (max-width: 1200px) 100vw, 1200px\" \/><br \/>\nLe programme EVE, pour Engagements Volontaires pour l\u2019Environnement, est un dispositif national port\u00e9 par l\u2019ADEME qui aide les acteurs du transport et de la logistique \u00e0 r\u00e9duire leur impact \u00e9nerg\u00e9tique et environnemental. Ses cr\u00e9ateurs tirent un bilan apr\u00e8s huit ann\u00e9es d&rsquo;existence.\u00a0<a href=https:\/\/www.automobile-propre.com\/articles\/transport-routier-en-ile-de-france-la-decarbonation-avance-plus-vite-que-prevu-grace-au-programme-eve\/ target='bwindow'>Lire la suite&#8230;<\/a><\/p>\n","protected":false},"excerpt":{"rendered":"<p>&#8230; <a class=\"continue-reading-link\" href=\"https:\/\/www.evearly.news\/fr\/transport-routier-en-ile-de-france-la-decarbonation-avance-plus-vite-que-prevu-grace-au-programme-eve\/\"><\/a><\/p>\n","protected":false},"author":8,"featured_media":321630,"comment_status":"closed","ping_status":"open","sticky":false,"template":"Default","format":"standard","meta":{"footnotes":""},"categories":[8],"tags":[],"class_list":["post-321629","post","type-post","status-publish","format-standard","has-post-thumbnail","hentry","category-automobile-propre"],"_links":{"self":[{"href":"https:\/\/www.evearly.news\/fr\/wp-json\/wp\/v2\/posts\/321629","targetHints":{"allow":["GET"]}}],"collection":[{"href":"https:\/\/www.evearly.news\/fr\/wp-json\/wp\/v2\/posts"}],"about":[{"href":"https:\/\/www.evearly.news\/fr\/wp-json\/wp\/v2\/types\/post"}],"author":[{"embeddable":true,"href":"https:\/\/www.evearly.news\/fr\/wp-json\/wp\/v2\/users\/8"}],"replies":[{"embeddable":true,"href":"https:\/\/www.evearly.news\/fr\/wp-json\/wp\/v2\/comments?post=321629"}],"version-history":[{"count":0,"href":"https:\/\/www.evearly.news\/fr\/wp-json\/wp\/v2\/posts\/321629\/revisions"}],"wp:featuredmedia":[{"embeddable":true,"href":"https:\/\/www.evearly.news\/fr\/wp-json\/wp\/v2\/media\/321630"}],"wp:attachment":[{"href":"https:\/\/www.evearly.news\/fr\/wp-json\/wp\/v2\/media?parent=321629"}],"wp:term":[{"taxonomy":"category","embeddable":true,"href":"https:\/\/www.evearly.news\/fr\/wp-json\/wp\/v2\/categories?post=321629"},{"taxonomy":"post_tag","embeddable":true,"href":"https:\/\/www.evearly.news\/fr\/wp-json\/wp\/v2\/tags?post=321629"}],"curies":[{"name":"wp","href":"https:\/\/api.w.org\/{rel}","templated":true}]}}