{"id":321631,"date":"2026-04-29T16:03:26","date_gmt":"2026-04-29T14:03:26","guid":{"rendered":"https:\/\/www.evearly.news\/fr\/forte-progression-de-lelectrique-sur-le-marche-des-utilitaires-et-des-poids-lourds-en-europe-mais\/"},"modified":"2026-04-29T16:03:26","modified_gmt":"2026-04-29T14:03:26","slug":"forte-progression-de-lelectrique-sur-le-marche-des-utilitaires-et-des-poids-lourds-en-europe-mais","status":"publish","type":"post","link":"https:\/\/www.evearly.news\/fr\/forte-progression-de-lelectrique-sur-le-marche-des-utilitaires-et-des-poids-lourds-en-europe-mais\/","title":{"rendered":"Forte progression de l\u2019\u00e9lectrique sur le march\u00e9 des utilitaires et des poids lourds en Europe, mais\u2026"},"content":{"rendered":"<p><img decoding=\"async\" width=\"500\" height=\"333\" src=\"https:\/\/cdn.automobile-propre.com\/uploads\/2025\/12\/\u00a9Nass-M.-Essai-KIA-PV5-Cargo-1-1536x1024.jpg\" class=\"attachment-1200x800 size-1200x800 wp-post-image\" alt=\"KIA PV5 Cargo\" loading=\"lazy\" srcset=\"https:\/\/cdn.automobile-propre.com\/uploads\/2025\/12\/\u00a9Nass-M.-Essai-KIA-PV5-Cargo-1-1536x1024.jpg 1536w, https:\/\/cdn.automobile-propre.com\/uploads\/2025\/12\/\u00a9Nass-M.-Essai-KIA-PV5-Cargo-1-1640x1093.jpg 1640w, https:\/\/cdn.automobile-propre.com\/uploads\/2025\/12\/\u00a9Nass-M.-Essai-KIA-PV5-Cargo-1-1024x682.jpg 1024w, https:\/\/cdn.automobile-propre.com\/uploads\/2025\/12\/\u00a9Nass-M.-Essai-KIA-PV5-Cargo-1-140x93.jpg 140w, https:\/\/cdn.automobile-propre.com\/uploads\/2025\/12\/\u00a9Nass-M.-Essai-KIA-PV5-Cargo-1-768x512.jpg 768w, https:\/\/cdn.automobile-propre.com\/uploads\/2025\/12\/\u00a9Nass-M.-Essai-KIA-PV5-Cargo-1-700x467.jpg 700w, https:\/\/cdn.automobile-propre.com\/uploads\/2025\/12\/\u00a9Nass-M.-Essai-KIA-PV5-Cargo-1-960x640.jpg 960w, https:\/\/cdn.automobile-propre.com\/uploads\/2025\/12\/\u00a9Nass-M.-Essai-KIA-PV5-Cargo-1-100x66.jpg 100w, https:\/\/cdn.automobile-propre.com\/uploads\/2025\/12\/\u00a9Nass-M.-Essai-KIA-PV5-Cargo-1.jpg 2000w\" sizes=\"auto, (max-width: 1200px) 100vw, 1200px\" \/><br \/>\nC&rsquo;est un premier trimestre tr\u00e8s encourageant pour l&rsquo;\u00e9lectrification du march\u00e9 des utilitaires et des poids lourds. Les immatriculations de fourgonnettes\u2026\u00a0<a href=https:\/\/www.automobile-propre.com\/articles\/forte-progression-de-lelectrique-sur-le-marche-des-utilitaires-et-des-poids-lourds-en-europe-mais\/ target='bwindow'>Lire la suite&#8230;<\/a><\/p>\n","protected":false},"excerpt":{"rendered":"<p>&#8230; <a class=\"continue-reading-link\" href=\"https:\/\/www.evearly.news\/fr\/forte-progression-de-lelectrique-sur-le-marche-des-utilitaires-et-des-poids-lourds-en-europe-mais\/\"><\/a><\/p>\n","protected":false},"author":8,"featured_media":0,"comment_status":"closed","ping_status":"open","sticky":false,"template":"Default","format":"standard","meta":{"footnotes":""},"categories":[8],"tags":[],"class_list":["post-321631","post","type-post","status-publish","format-standard","hentry","category-automobile-propre"],"_links":{"self":[{"href":"https:\/\/www.evearly.news\/fr\/wp-json\/wp\/v2\/posts\/321631","targetHints":{"allow":["GET"]}}],"collection":[{"href":"https:\/\/www.evearly.news\/fr\/wp-json\/wp\/v2\/posts"}],"about":[{"href":"https:\/\/www.evearly.news\/fr\/wp-json\/wp\/v2\/types\/post"}],"author":[{"embeddable":true,"href":"https:\/\/www.evearly.news\/fr\/wp-json\/wp\/v2\/users\/8"}],"replies":[{"embeddable":true,"href":"https:\/\/www.evearly.news\/fr\/wp-json\/wp\/v2\/comments?post=321631"}],"version-history":[{"count":0,"href":"https:\/\/www.evearly.news\/fr\/wp-json\/wp\/v2\/posts\/321631\/revisions"}],"wp:attachment":[{"href":"https:\/\/www.evearly.news\/fr\/wp-json\/wp\/v2\/media?parent=321631"}],"wp:term":[{"taxonomy":"category","embeddable":true,"href":"https:\/\/www.evearly.news\/fr\/wp-json\/wp\/v2\/categories?post=321631"},{"taxonomy":"post_tag","embeddable":true,"href":"https:\/\/www.evearly.news\/fr\/wp-json\/wp\/v2\/tags?post=321631"}],"curies":[{"name":"wp","href":"https:\/\/api.w.org\/{rel}","templated":true}]}}