{"id":321632,"date":"2026-04-29T13:00:00","date_gmt":"2026-04-29T11:00:00","guid":{"rendered":"https:\/\/www.evearly.news\/fr\/volkswagen-id-polo-la-principale-rivale-de-la-renault-5-cest-elle\/"},"modified":"2026-04-29T13:00:00","modified_gmt":"2026-04-29T11:00:00","slug":"volkswagen-id-polo-la-principale-rivale-de-la-renault-5-cest-elle","status":"publish","type":"post","link":"https:\/\/www.evearly.news\/fr\/volkswagen-id-polo-la-principale-rivale-de-la-renault-5-cest-elle\/","title":{"rendered":"Volkswagen ID.Polo :\u00a0la principale rivale de la Renault 5, c&rsquo;est elle !"},"content":{"rendered":"<p><img decoding=\"async\" src=\"https:\/\/www.evearly.news\/fr\/wp-content\/uploads\/sites\/6\/2026\/04\/volkswagen-id-polo-la-principale-rivale-de-la-renault-5-cest-elle.jpg\" alt=\"caradisiac\" \n><br \/>Tout le monde peut se tromper, c\u2019est une \u00e9vidence, mais le reconna\u00eetre, c\u2019est plus compliqu\u00e9 et souvent plus rare. Quand cette sorte de mea-culpa vient de la bouche de Thomas Sch\u00e4fer, le PDG de Volkswagen, on ne peut que saluer la d\u00e9marche, surtout \u00e0 l&rsquo;heure o\u00f9 la firme de Wolfsburg nous d\u00e9voile sa nouvelle citadine 100% \u00e9lectrique : l&rsquo;ID.Polo.\u00a0 <a href=https:\/\/www.caradisiac.com\/volkswagen-id-polo-la-principale-rivale-de-la-renault-5-c-est-elle-221505.htm#xtor=RSS-40 target=blank>Lire la suite&#8230;<\/a><\/p>\n","protected":false},"excerpt":{"rendered":"<p><img decoding=\"async\" src=\"https:\/\/www.evearly.news\/fr\/wp-content\/uploads\/sites\/6\/2026\/04\/volkswagen-id-polo-la-principale-rivale-de-la-renault-5-cest-elle.jpg\" alt=\"caradisiac\"><br \/>Tout le monde peut se tromper, c\u2019est une \u00e9vidence, mais le reconna\u00eetre, c\u2019est plus compliqu\u00e9 et souvent plus rare. Quand cette sorte de mea-culpa vient de la bouche de Thomas Sch\u00e4fer, le PDG de Volkswagen, on ne peut que saluer la d\u00e9marche, surtout \u00e0 l&rsquo;heure o\u00f9 la firme de Wolfsburg nous d\u00e9voile sa nouvelle citadine 100% \u00e9lectrique : l&rsquo;ID.Polo.\u00a0<\/p>\n<p> <a class=\"continue-reading-link\" href=\"https:\/\/www.evearly.news\/fr\/volkswagen-id-polo-la-principale-rivale-de-la-renault-5-cest-elle\/\"><\/a><\/p>\n","protected":false},"author":11,"featured_media":321633,"comment_status":"closed","ping_status":"open","sticky":false,"template":"Default","format":"standard","meta":{"footnotes":""},"categories":[11],"tags":[],"class_list":["post-321632","post","type-post","status-publish","format-standard","has-post-thumbnail","hentry","category-caradisiac"],"_links":{"self":[{"href":"https:\/\/www.evearly.news\/fr\/wp-json\/wp\/v2\/posts\/321632","targetHints":{"allow":["GET"]}}],"collection":[{"href":"https:\/\/www.evearly.news\/fr\/wp-json\/wp\/v2\/posts"}],"about":[{"href":"https:\/\/www.evearly.news\/fr\/wp-json\/wp\/v2\/types\/post"}],"author":[{"embeddable":true,"href":"https:\/\/www.evearly.news\/fr\/wp-json\/wp\/v2\/users\/11"}],"replies":[{"embeddable":true,"href":"https:\/\/www.evearly.news\/fr\/wp-json\/wp\/v2\/comments?post=321632"}],"version-history":[{"count":0,"href":"https:\/\/www.evearly.news\/fr\/wp-json\/wp\/v2\/posts\/321632\/revisions"}],"wp:featuredmedia":[{"embeddable":true,"href":"https:\/\/www.evearly.news\/fr\/wp-json\/wp\/v2\/media\/321633"}],"wp:attachment":[{"href":"https:\/\/www.evearly.news\/fr\/wp-json\/wp\/v2\/media?parent=321632"}],"wp:term":[{"taxonomy":"category","embeddable":true,"href":"https:\/\/www.evearly.news\/fr\/wp-json\/wp\/v2\/categories?post=321632"},{"taxonomy":"post_tag","embeddable":true,"href":"https:\/\/www.evearly.news\/fr\/wp-json\/wp\/v2\/tags?post=321632"}],"curies":[{"name":"wp","href":"https:\/\/api.w.org\/{rel}","templated":true}]}}