{"id":321634,"date":"2026-04-29T16:07:22","date_gmt":"2026-04-29T14:07:22","guid":{"rendered":"https:\/\/www.evearly.news\/fr\/geely-arrive-en-france-avec-deux-modeles-electrifies-et-de-grandes-ambitions\/"},"modified":"2026-04-29T16:07:22","modified_gmt":"2026-04-29T14:07:22","slug":"geely-arrive-en-france-avec-deux-modeles-electrifies-et-de-grandes-ambitions","status":"publish","type":"post","link":"https:\/\/www.evearly.news\/fr\/geely-arrive-en-france-avec-deux-modeles-electrifies-et-de-grandes-ambitions\/","title":{"rendered":"Geely arrive en France avec deux mod\u00e8les \u00e9lectrifi\u00e9s et de grandes ambitions"},"content":{"rendered":"<p><img decoding=\"async\" src=\"https:\/\/www.evearly.news\/fr\/wp-content\/uploads\/sites\/6\/2026\/04\/geely-arrive-en-france-avec-deux-modeles-electrifies-et-de-grandes-ambitions.jpg\" alt=\"Geely arrive en France avec deux mod\u00e8les \u00e9lectrifi\u00e9s et de grandes ambitions\"><br \/>Le constructeur chinois Geely a officiellement lanc\u00e9 sa marque en France lors d\u2019un \u00e9v\u00e9nement organis\u00e9 au Carrousel du Louvre \u00e0 Paris. Une arriv\u00e9e strat\u00e9gique sur le march\u00e9 tricolore, marqu\u00e9e par le lancement imm\u00e9diat de deux mod\u00e8les \u00e9lectrifi\u00e9s : le Geely E5, 100 % \u00e9lectrique, et le Starray EM-i, pr\u00e9sent\u00e9 comme un super hybride. D\u00e9j\u00e0 pr\u00e9sent dans de nombreux pays, le\u2026 <a href=https:\/\/electriquemag.fr\/geely-france-lancement-modele-electrique-hybride\/ target='bwindow'>Lire la suite&#8230;<\/a><\/p>\n","protected":false},"excerpt":{"rendered":"<p>&#8230; <a class=\"continue-reading-link\" href=\"https:\/\/www.evearly.news\/fr\/geely-arrive-en-france-avec-deux-modeles-electrifies-et-de-grandes-ambitions\/\"><\/a><\/p>\n","protected":false},"author":13,"featured_media":321635,"comment_status":"closed","ping_status":"open","sticky":false,"template":"Default","format":"standard","meta":{"footnotes":""},"categories":[13],"tags":[],"class_list":["post-321634","post","type-post","status-publish","format-standard","has-post-thumbnail","hentry","category-electriquemag"],"_links":{"self":[{"href":"https:\/\/www.evearly.news\/fr\/wp-json\/wp\/v2\/posts\/321634","targetHints":{"allow":["GET"]}}],"collection":[{"href":"https:\/\/www.evearly.news\/fr\/wp-json\/wp\/v2\/posts"}],"about":[{"href":"https:\/\/www.evearly.news\/fr\/wp-json\/wp\/v2\/types\/post"}],"author":[{"embeddable":true,"href":"https:\/\/www.evearly.news\/fr\/wp-json\/wp\/v2\/users\/13"}],"replies":[{"embeddable":true,"href":"https:\/\/www.evearly.news\/fr\/wp-json\/wp\/v2\/comments?post=321634"}],"version-history":[{"count":0,"href":"https:\/\/www.evearly.news\/fr\/wp-json\/wp\/v2\/posts\/321634\/revisions"}],"wp:featuredmedia":[{"embeddable":true,"href":"https:\/\/www.evearly.news\/fr\/wp-json\/wp\/v2\/media\/321635"}],"wp:attachment":[{"href":"https:\/\/www.evearly.news\/fr\/wp-json\/wp\/v2\/media?parent=321634"}],"wp:term":[{"taxonomy":"category","embeddable":true,"href":"https:\/\/www.evearly.news\/fr\/wp-json\/wp\/v2\/categories?post=321634"},{"taxonomy":"post_tag","embeddable":true,"href":"https:\/\/www.evearly.news\/fr\/wp-json\/wp\/v2\/tags?post=321634"}],"curies":[{"name":"wp","href":"https:\/\/api.w.org\/{rel}","templated":true}]}}