{"id":321636,"date":"2026-04-29T16:09:47","date_gmt":"2026-04-29T14:09:47","guid":{"rendered":"https:\/\/www.evearly.news\/fr\/voiture-electrique-son-meilleur-atout-est-aussi-son-pire-ennemi-par-la-suite\/"},"modified":"2026-04-29T16:09:47","modified_gmt":"2026-04-29T14:09:47","slug":"voiture-electrique-son-meilleur-atout-est-aussi-son-pire-ennemi-par-la-suite","status":"publish","type":"post","link":"https:\/\/www.evearly.news\/fr\/voiture-electrique-son-meilleur-atout-est-aussi-son-pire-ennemi-par-la-suite\/","title":{"rendered":"Voiture \u00e9lectrique : son meilleur atout est aussi son pire ennemi par la suite"},"content":{"rendered":"<div class=\"media_block\"><img decoding=\"async\" src=\"https:\/\/www.evearly.news\/fr\/wp-content\/uploads\/sites\/6\/2026\/04\/voiture-electrique-son-meilleur-atout-est-aussi-son-pire-ennemi-par-la-suite.jpg\"><\/div>\n<p>Toutes les plateformes sp\u00e9cialis\u00e9es le constatent : les Fran\u00e7ais se d\u00e9couvrent un int\u00e9r\u00eat soudain pour les voitures \u00e9lectriques, tout particuli\u00e8rement celles d&rsquo;occasion. Une mont\u00e9e en puissance qui pourrait bien n&rsquo;\u00eatre que conjoncturelle selon Indicata, qui compile des statistiques sur les ventes de voitures d&rsquo;occasion. Le march\u00e9 pourrait effectivement rebondir puis se retasser \u00e0 nouveau. Le probl\u00e8me de la d\u00e9cote des \u00e9lectriques ne serait donc pas encore r\u00e9solu. La faute \u00e0 des aides \u00e0 l&rsquo;achat (bonus) qui l&rsquo;aident en neuf, mais la d\u00e9favorisent ensuite en occasion. <a href=https:\/\/www.automobile-magazine.fr\/voitures-electriques\/article\/51777-voiture-electrique-son-meilleur-atout-est-aussi-son-pire-ennemi-par-la-suite alt='automobile magazine' target='blank'>Lire la suite&#8230;<\/a><\/p>\n","protected":false},"excerpt":{"rendered":"<div class=\"media_block\"><img decoding=\"async\" src=\"https:\/\/www.evearly.news\/fr\/wp-content\/uploads\/sites\/6\/2026\/04\/voiture-electrique-son-meilleur-atout-est-aussi-son-pire-ennemi-par-la-suite.jpg\"><\/div>\n<p> <a class=\"continue-reading-link\" href=\"https:\/\/www.evearly.news\/fr\/voiture-electrique-son-meilleur-atout-est-aussi-son-pire-ennemi-par-la-suite\/\"><\/a><\/p>\n","protected":false},"author":7,"featured_media":321637,"comment_status":"closed","ping_status":"open","sticky":false,"template":"Default","format":"standard","meta":{"footnotes":""},"categories":[7],"tags":[],"class_list":["post-321636","post","type-post","status-publish","format-standard","has-post-thumbnail","hentry","category-automobile-magazine"],"_links":{"self":[{"href":"https:\/\/www.evearly.news\/fr\/wp-json\/wp\/v2\/posts\/321636","targetHints":{"allow":["GET"]}}],"collection":[{"href":"https:\/\/www.evearly.news\/fr\/wp-json\/wp\/v2\/posts"}],"about":[{"href":"https:\/\/www.evearly.news\/fr\/wp-json\/wp\/v2\/types\/post"}],"author":[{"embeddable":true,"href":"https:\/\/www.evearly.news\/fr\/wp-json\/wp\/v2\/users\/7"}],"replies":[{"embeddable":true,"href":"https:\/\/www.evearly.news\/fr\/wp-json\/wp\/v2\/comments?post=321636"}],"version-history":[{"count":0,"href":"https:\/\/www.evearly.news\/fr\/wp-json\/wp\/v2\/posts\/321636\/revisions"}],"wp:featuredmedia":[{"embeddable":true,"href":"https:\/\/www.evearly.news\/fr\/wp-json\/wp\/v2\/media\/321637"}],"wp:attachment":[{"href":"https:\/\/www.evearly.news\/fr\/wp-json\/wp\/v2\/media?parent=321636"}],"wp:term":[{"taxonomy":"category","embeddable":true,"href":"https:\/\/www.evearly.news\/fr\/wp-json\/wp\/v2\/categories?post=321636"},{"taxonomy":"post_tag","embeddable":true,"href":"https:\/\/www.evearly.news\/fr\/wp-json\/wp\/v2\/tags?post=321636"}],"curies":[{"name":"wp","href":"https:\/\/api.w.org\/{rel}","templated":true}]}}