{"id":321638,"date":"2026-04-29T16:12:52","date_gmt":"2026-04-29T14:12:52","guid":{"rendered":"https:\/\/www.evearly.news\/fr\/lusine-europeenne-de-byd-est-accusee-de-conditions-de-travail-proches-de-lesclavage-il-y-a-deja-eu-un-mort-et-les-secours-sont-regulierement-appeles-sur-le-chantier\/"},"modified":"2026-04-29T16:12:52","modified_gmt":"2026-04-29T14:12:52","slug":"lusine-europeenne-de-byd-est-accusee-de-conditions-de-travail-proches-de-lesclavage-il-y-a-deja-eu-un-mort-et-les-secours-sont-regulierement-appeles-sur-le-chantier","status":"publish","type":"post","link":"https:\/\/www.evearly.news\/fr\/lusine-europeenne-de-byd-est-accusee-de-conditions-de-travail-proches-de-lesclavage-il-y-a-deja-eu-un-mort-et-les-secours-sont-regulierement-appeles-sur-le-chantier\/","title":{"rendered":"L\u2019usine europ\u00e9enne de BYD est accus\u00e9e de conditions de travail proches de l\u2019esclavage. Il y a d\u00e9j\u00e0 eu un mort et les secours sont r\u00e9guli\u00e8rement appel\u00e9s sur le chantier"},"content":{"rendered":"<p><img loading=\"lazy\" width=\"1920\" height=\"1280\" src=\"https:\/\/www.evearly.news\/fr\/wp-content\/uploads\/sites\/6\/2026\/04\/lusine-europeenne-de-byd-est-accusee-de-conditions-de-travail-proches-de-lesclavage-il-y-a-deja-eu-un-mort-et-les-secours-sont-regulierement-appeles-sur-le-chantier.jpg\" class=\"attachment-full size-full wp-post-image\" alt=\"Byd Logo 2026\" decoding=\"async\" srcset=\"https:\/\/www.evearly.news\/fr\/wp-content\/uploads\/sites\/6\/2026\/04\/lusine-europeenne-de-byd-est-accusee-de-conditions-de-travail-proches-de-lesclavage-il-y-a-deja-eu-un-mort-et-les-secours-sont-regulierement-appeles-sur-le-chantier.jpg 1920w, https:\/\/www.evearly.news\/fr\/wp-content\/uploads\/sites\/6\/2026\/04\/lusine-europeenne-de-byd-est-accusee-de-conditions-de-travail-proches-de-lesclavage-il-y-a-deja-eu-un-mort-et-les-secours-sont-regulierement-appeles-sur-le-chantier-1.jpg 384w, https:\/\/www.evearly.news\/fr\/wp-content\/uploads\/sites\/6\/2026\/04\/lusine-europeenne-de-byd-est-accusee-de-conditions-de-travail-proches-de-lesclavage-il-y-a-deja-eu-un-mort-et-les-secours-sont-regulierement-appeles-sur-le-chantier-2.jpg 880w, https:\/\/www.evearly.news\/fr\/wp-content\/uploads\/sites\/6\/2026\/04\/lusine-europeenne-de-byd-est-accusee-de-conditions-de-travail-proches-de-lesclavage-il-y-a-deja-eu-un-mort-et-les-secours-sont-regulierement-appeles-sur-le-chantier-3.jpg 50w, https:\/\/www.evearly.news\/fr\/wp-content\/uploads\/sites\/6\/2026\/04\/lusine-europeenne-de-byd-est-accusee-de-conditions-de-travail-proches-de-lesclavage-il-y-a-deja-eu-un-mort-et-les-secours-sont-regulierement-appeles-sur-le-chantier-4.jpg 640w, https:\/\/www.evearly.news\/fr\/wp-content\/uploads\/sites\/6\/2026\/04\/lusine-europeenne-de-byd-est-accusee-de-conditions-de-travail-proches-de-lesclavage-il-y-a-deja-eu-un-mort-et-les-secours-sont-regulierement-appeles-sur-le-chantier-5.jpg 1280w, https:\/\/www.presse-citron.net\/app\/uploads\/2026\/04\/byd-logo-2026-1632x1088.jpg 1632w\" sizes=\"auto, (max-width: 1920px) 100vw, 1920px\"><\/p>\n<p>Les travailleurs chinois sur le chantier de l\u2019usine de BYD \u00e0 Szeged en Hongrie sont embauch\u00e9s par le m\u00eame sous-traitant que celui sur l\u2019usine du constructeur au Br\u00e9sil, d\u00e9j\u00e0 \u00e9pingl\u00e9 pour des conditions \u00ab proches de l\u2019esclavage \u00bb. \u00c0 raison de 12 heures par jour et sans pause dans la semaine, les employ\u00e9s feraient face \u00e0 de la pression et du chantage. Il y a d\u00e9j\u00e0 eu un mort.<a href=\"https:\/\/www.presse-citron.net\/lusine-europeenne-de-byd-est-accusee-de-conditions-de-travail-proches-de-lesclavage-il-y-a-deja-eu-un-mort-et-les-secours-sont-regulierement-appeles-sur-le-chantier\/\" target=blank> Lire la suite&#8230;<\/a><\/p>\n","protected":false},"excerpt":{"rendered":"<p>Les travailleurs chinois sur le chantier de l\u2019usine de BYD \u00e0 Szeged en Hongrie sont embauch\u00e9s par le m\u00eame sous-traitant que celui sur l\u2019usine du constructeur au Br\u00e9sil, d\u00e9j\u00e0 \u00e9pingl\u00e9 pour des conditions \u00ab proches de l\u2019esclavage \u00bb. \u00c0 raison de 12 heures par jour et sans pause dans la semaine, les employ\u00e9s feraient face \u00e0 de la pression et du chantage. Il y a d\u00e9j\u00e0 eu un mort&#8230;. <a class=\"continue-reading-link\" href=\"https:\/\/www.evearly.news\/fr\/lusine-europeenne-de-byd-est-accusee-de-conditions-de-travail-proches-de-lesclavage-il-y-a-deja-eu-un-mort-et-les-secours-sont-regulierement-appeles-sur-le-chantier\/\"><\/a><\/p>\n","protected":false},"author":18,"featured_media":321639,"comment_status":"closed","ping_status":"open","sticky":false,"template":"Default","format":"standard","meta":{"footnotes":""},"categories":[19],"tags":[],"class_list":["post-321638","post","type-post","status-publish","format-standard","has-post-thumbnail","hentry","category-presse-citron"],"_links":{"self":[{"href":"https:\/\/www.evearly.news\/fr\/wp-json\/wp\/v2\/posts\/321638","targetHints":{"allow":["GET"]}}],"collection":[{"href":"https:\/\/www.evearly.news\/fr\/wp-json\/wp\/v2\/posts"}],"about":[{"href":"https:\/\/www.evearly.news\/fr\/wp-json\/wp\/v2\/types\/post"}],"author":[{"embeddable":true,"href":"https:\/\/www.evearly.news\/fr\/wp-json\/wp\/v2\/users\/18"}],"replies":[{"embeddable":true,"href":"https:\/\/www.evearly.news\/fr\/wp-json\/wp\/v2\/comments?post=321638"}],"version-history":[{"count":0,"href":"https:\/\/www.evearly.news\/fr\/wp-json\/wp\/v2\/posts\/321638\/revisions"}],"wp:featuredmedia":[{"embeddable":true,"href":"https:\/\/www.evearly.news\/fr\/wp-json\/wp\/v2\/media\/321639"}],"wp:attachment":[{"href":"https:\/\/www.evearly.news\/fr\/wp-json\/wp\/v2\/media?parent=321638"}],"wp:term":[{"taxonomy":"category","embeddable":true,"href":"https:\/\/www.evearly.news\/fr\/wp-json\/wp\/v2\/categories?post=321638"},{"taxonomy":"post_tag","embeddable":true,"href":"https:\/\/www.evearly.news\/fr\/wp-json\/wp\/v2\/tags?post=321638"}],"curies":[{"name":"wp","href":"https:\/\/api.w.org\/{rel}","templated":true}]}}