{"id":321640,"date":"2026-04-29T16:13:47","date_gmt":"2026-04-29T14:13:47","guid":{"rendered":"https:\/\/www.evearly.news\/fr\/voici-enfin-la-volkswagen-polo-electrique-moins-de-25-000-e-et-plus-de-450-km-dautonomie-face-a-la-r5\/"},"modified":"2026-04-29T16:13:47","modified_gmt":"2026-04-29T14:13:47","slug":"voici-enfin-la-volkswagen-polo-electrique-moins-de-25-000-e-et-plus-de-450-km-dautonomie-face-a-la-r5","status":"publish","type":"post","link":"https:\/\/www.evearly.news\/fr\/voici-enfin-la-volkswagen-polo-electrique-moins-de-25-000-e-et-plus-de-450-km-dautonomie-face-a-la-r5\/","title":{"rendered":"Voici enfin la Volkswagen Polo \u00e9lectrique : moins de 25 000 \u20ac et plus de 450 km d\u2019autonomie face \u00e0 la R5"},"content":{"rendered":"<p><img width=\"1200\" height=\"675\" src=\"https:\/\/www.evearly.news\/fr\/wp-content\/uploads\/sites\/6\/2026\/04\/voici-enfin-la-volkswagen-polo-electrique-moins-de-25-000-e-et-plus-de-450-km-dautonomie-face-a-la-r5.jpg\" class=\"attachment-full size-full wp-post-image\" alt=\"\" decoding=\"async\" loading=\"lazy\" \/<br \/>\nAnnonc\u00e9e depuis 2023, voici la Volkswagen ID. Polo. La citadine \u00e9lectrique arrive avec des arguments de choix pour se battre face \u00e0 la Renault 5, incluant une autonomie allant jusqu&rsquo;\u00e0 455 km, un immense coffre et un tarif promis sous les 25 000 euros hors bonus. Voici ce qu&rsquo;il faut savoir.<br \/>\n <a href=https:\/\/www.frandroid.com\/marques\/volkswagen\/3079537_voici-enfin-la-volkswagen-polo-electrique-moins-de-25-000-e-et-plus-de-450-km-dautonomie-face-a-la-r5 target='bwindow'>Lire la suite&#8230;<\/a><\/p>\n","protected":false},"excerpt":{"rendered":"<p>&lt;img width=&quot;1200&quot; height=&quot;675&quot; src=&quot;https:\/\/www.evearly.news\/fr\/wp-content\/uploads\/sites\/6\/2026\/04\/voici-enfin-la-volkswagen-polo-electrique-moins-de-25-000-e-et-plus-de-450-km-dautonomie-face-a-la-r5.jpg&quot; class=&quot;attachment-full size-full wp-post-image&quot; alt=&quot;&quot; decoding=&quot;async&quot; loading=&quot;lazy&quot; \/<br \/>\nAnnonc\u00e9e depuis 2023, voici la Volkswagen ID. Polo. La citadine \u00e9lectrique arrive avec des arguments de choix pour se battre face \u00e0 la Renault 5, incluant une autonomie allant jusqu&rsquo;\u00e0 455 km, un immense coffre et un tarif promis sous les 25 000 euros hors bonus. Voici ce qu&rsquo;il faut savoir.\n<\/p>\n<p> <a class=\"continue-reading-link\" href=\"https:\/\/www.evearly.news\/fr\/voici-enfin-la-volkswagen-polo-electrique-moins-de-25-000-e-et-plus-de-450-km-dautonomie-face-a-la-r5\/\"><\/a><\/p>\n","protected":false},"author":6,"featured_media":321641,"comment_status":"closed","ping_status":"open","sticky":false,"template":"Default","format":"standard","meta":{"footnotes":""},"categories":[14],"tags":[],"class_list":["post-321640","post","type-post","status-publish","format-standard","has-post-thumbnail","hentry","category-frandroid"],"_links":{"self":[{"href":"https:\/\/www.evearly.news\/fr\/wp-json\/wp\/v2\/posts\/321640","targetHints":{"allow":["GET"]}}],"collection":[{"href":"https:\/\/www.evearly.news\/fr\/wp-json\/wp\/v2\/posts"}],"about":[{"href":"https:\/\/www.evearly.news\/fr\/wp-json\/wp\/v2\/types\/post"}],"author":[{"embeddable":true,"href":"https:\/\/www.evearly.news\/fr\/wp-json\/wp\/v2\/users\/6"}],"replies":[{"embeddable":true,"href":"https:\/\/www.evearly.news\/fr\/wp-json\/wp\/v2\/comments?post=321640"}],"version-history":[{"count":0,"href":"https:\/\/www.evearly.news\/fr\/wp-json\/wp\/v2\/posts\/321640\/revisions"}],"wp:featuredmedia":[{"embeddable":true,"href":"https:\/\/www.evearly.news\/fr\/wp-json\/wp\/v2\/media\/321641"}],"wp:attachment":[{"href":"https:\/\/www.evearly.news\/fr\/wp-json\/wp\/v2\/media?parent=321640"}],"wp:term":[{"taxonomy":"category","embeddable":true,"href":"https:\/\/www.evearly.news\/fr\/wp-json\/wp\/v2\/categories?post=321640"},{"taxonomy":"post_tag","embeddable":true,"href":"https:\/\/www.evearly.news\/fr\/wp-json\/wp\/v2\/tags?post=321640"}],"curies":[{"name":"wp","href":"https:\/\/api.w.org\/{rel}","templated":true}]}}