{"id":321648,"date":"2026-04-30T10:00:06","date_gmt":"2026-04-30T08:00:06","guid":{"rendered":"https:\/\/www.evearly.news\/fr\/volkswagen-devoile-lid-polo-sa-nouvelle-voiture-du-peuple\/"},"modified":"2026-04-30T10:00:06","modified_gmt":"2026-04-30T08:00:06","slug":"volkswagen-devoile-lid-polo-sa-nouvelle-voiture-du-peuple","status":"publish","type":"post","link":"https:\/\/www.evearly.news\/fr\/volkswagen-devoile-lid-polo-sa-nouvelle-voiture-du-peuple\/","title":{"rendered":"Volkswagen d\u00e9voile l\u2019ID. Polo, sa nouvelle Voiture du Peuple"},"content":{"rendered":"<p><img width=\"1000\" height=\"563\" src=\"https:\/\/www.evearly.news\/fr\/wp-content\/uploads\/sites\/6\/2026\/04\/volkswagen-devoile-lid-polo-sa-nouvelle-voiture-du-peuple.jpg\" class=\"attachment-post-thumbnail size-post-thumbnail wp-post-image\" alt=\"Volkswagen ID. Polo Voiture du Peuple\" decoding=\"async\" fetchpriority=\"high\" srcset=\"https:\/\/www.evearly.news\/fr\/wp-content\/uploads\/sites\/6\/2026\/04\/volkswagen-devoile-lid-polo-sa-nouvelle-voiture-du-peuple.jpg 1000w, https:\/\/www.evearly.news\/fr\/wp-content\/uploads\/sites\/6\/2026\/04\/volkswagen-devoile-lid-polo-sa-nouvelle-voiture-du-peuple-1.jpg 300w, https:\/\/www.evearly.news\/fr\/wp-content\/uploads\/sites\/6\/2026\/04\/volkswagen-devoile-lid-polo-sa-nouvelle-voiture-du-peuple-2.jpg 998w, https:\/\/www.avem.fr\/wp-content\/uploads\/2026\/04\/Volkswagen-ID.Polo-Premiere-mondiale-Une-768x432.jpg 768w\" sizes=\"(max-width: 1000px) 100vw, 1000px\" \/>Premi\u00e8re mondiale hier pour l\u2019ID. Polo, la version 100% \u00e9lectrique d\u2019un des mod\u00e8les les plus embl\u00e9matiques de Volkswagen. Vendue dans le monde \u00e0 plus de 20 millions d\u2019exemplaires, cette citadine entame aujourd\u2019hui un nouveau chapitre. Avec l\u2019ID. Polo, Volkswagen entend rendre l\u2019\u00e9lectromobilit\u00e9 accessible au plus grand nombre. La marque allemande [\u2026] <a href=https:\/\/www.avem.fr\/2026\/04\/30\/premiere-mondiale-pour-la-volkswagen-id-polo\/ target=blank>Lire la suite&#8230;<\/a><\/p>\n","protected":false},"excerpt":{"rendered":"<p><img loading=\"lazy\" decoding=\"async\" width=\"1000\" height=\"563\" src=\"https:\/\/www.evearly.news\/fr\/wp-content\/uploads\/sites\/6\/2026\/04\/volkswagen-devoile-lid-polo-sa-nouvelle-voiture-du-peuple.jpg\" class=\"attachment-post-thumbnail size-post-thumbnail wp-post-image\" alt=\"Volkswagen ID. Polo Voiture du Peuple\" \/>Premi\u00e8re mondiale hier pour l\u2019ID. Polo, la version 100% \u00e9lectrique d\u2019un des mod\u00e8les les plus embl\u00e9matiques de Volkswagen. Vendue dans le monde \u00e0 plus de 20 millions d\u2019exemplaires, cette citadine entame aujourd\u2019hui un nouveau chapitre. Avec l\u2019ID. Polo, Volkswagen entend rendre l\u2019\u00e9lectromobilit\u00e9 accessible au plus grand nombre. La marque allemande [\u2026] <a class=\"continue-reading-link\" href=\"https:\/\/www.evearly.news\/fr\/volkswagen-devoile-lid-polo-sa-nouvelle-voiture-du-peuple\/\"><\/a><\/p>\n","protected":false},"author":3,"featured_media":321649,"comment_status":"closed","ping_status":"open","sticky":false,"template":"Default","format":"standard","meta":{"footnotes":""},"categories":[3],"tags":[],"class_list":["post-321648","post","type-post","status-publish","format-standard","has-post-thumbnail","hentry","category-avem"],"_links":{"self":[{"href":"https:\/\/www.evearly.news\/fr\/wp-json\/wp\/v2\/posts\/321648","targetHints":{"allow":["GET"]}}],"collection":[{"href":"https:\/\/www.evearly.news\/fr\/wp-json\/wp\/v2\/posts"}],"about":[{"href":"https:\/\/www.evearly.news\/fr\/wp-json\/wp\/v2\/types\/post"}],"author":[{"embeddable":true,"href":"https:\/\/www.evearly.news\/fr\/wp-json\/wp\/v2\/users\/3"}],"replies":[{"embeddable":true,"href":"https:\/\/www.evearly.news\/fr\/wp-json\/wp\/v2\/comments?post=321648"}],"version-history":[{"count":0,"href":"https:\/\/www.evearly.news\/fr\/wp-json\/wp\/v2\/posts\/321648\/revisions"}],"wp:featuredmedia":[{"embeddable":true,"href":"https:\/\/www.evearly.news\/fr\/wp-json\/wp\/v2\/media\/321649"}],"wp:attachment":[{"href":"https:\/\/www.evearly.news\/fr\/wp-json\/wp\/v2\/media?parent=321648"}],"wp:term":[{"taxonomy":"category","embeddable":true,"href":"https:\/\/www.evearly.news\/fr\/wp-json\/wp\/v2\/categories?post=321648"},{"taxonomy":"post_tag","embeddable":true,"href":"https:\/\/www.evearly.news\/fr\/wp-json\/wp\/v2\/tags?post=321648"}],"curies":[{"name":"wp","href":"https:\/\/api.w.org\/{rel}","templated":true}]}}