{"id":321658,"date":"2026-04-30T16:00:05","date_gmt":"2026-04-30T14:00:05","guid":{"rendered":"https:\/\/www.evearly.news\/fr\/deja-disponible-a-la-commande-la-nouvelle-volkswagen-id-polo-reserve-une-surprise-de-taille\/"},"modified":"2026-04-30T16:00:05","modified_gmt":"2026-04-30T14:00:05","slug":"deja-disponible-a-la-commande-la-nouvelle-volkswagen-id-polo-reserve-une-surprise-de-taille","status":"publish","type":"post","link":"https:\/\/www.evearly.news\/fr\/deja-disponible-a-la-commande-la-nouvelle-volkswagen-id-polo-reserve-une-surprise-de-taille\/","title":{"rendered":"D\u00e9j\u00e0 disponible \u00e0 la commande, la nouvelle Volkswagen ID. Polo r\u00e9serve une surprise de taille"},"content":{"rendered":"<p><img decoding=\"async\" src=\"https:\/\/www.evearly.news\/fr\/wp-content\/uploads\/sites\/6\/2026\/04\/deja-disponible-a-la-commande-la-nouvelle-volkswagen-id-polo-reserve-une-surprise-de-taille.webp\" alt=\"auto-moto\"><br \/>Tout juste d\u00e9voil\u00e9e, la Volkswagen ID. Polo est d\u2019ores et d\u00e9j\u00e0 disponible en pr\u00e9commande, mais avec une gamme incompl\u00e8te pour l\u2019instant. Son prix est sup\u00e9rieur \u00e0 35 000 \u20ac au lancement\u2026 en attendant la version \u00e0 25 000 \u20ac promise un peu plus tard ! <a href=https:\/\/www.auto-moto.com\/prix-du-neuf\/prix-volkswagen-id-polo-73959 target=blank>Lire la suite&#8230;<\/a><\/p>\n","protected":false},"excerpt":{"rendered":"<p>Tout juste d\u00e9voil\u00e9e, la Volkswagen ID. Polo est d\u2019ores et d\u00e9j\u00e0 disponible en pr\u00e9commande, mais avec une gamme incompl\u00e8te pour l\u2019instant. Son prix est sup\u00e9rieur \u00e0 35 000 \u20ac au lancement\u2026 en attendant la version \u00e0 25 000 \u20ac promise un peu plus tard !&#8230; <a class=\"continue-reading-link\" href=\"https:\/\/www.evearly.news\/fr\/deja-disponible-a-la-commande-la-nouvelle-volkswagen-id-polo-reserve-une-surprise-de-taille\/\"><\/a><\/p>\n","protected":false},"author":9,"featured_media":321659,"comment_status":"closed","ping_status":"open","sticky":false,"template":"Default","format":"standard","meta":{"footnotes":""},"categories":[10],"tags":[],"class_list":["post-321658","post","type-post","status-publish","format-standard","has-post-thumbnail","hentry","category-auto-moto-com"],"_links":{"self":[{"href":"https:\/\/www.evearly.news\/fr\/wp-json\/wp\/v2\/posts\/321658","targetHints":{"allow":["GET"]}}],"collection":[{"href":"https:\/\/www.evearly.news\/fr\/wp-json\/wp\/v2\/posts"}],"about":[{"href":"https:\/\/www.evearly.news\/fr\/wp-json\/wp\/v2\/types\/post"}],"author":[{"embeddable":true,"href":"https:\/\/www.evearly.news\/fr\/wp-json\/wp\/v2\/users\/9"}],"replies":[{"embeddable":true,"href":"https:\/\/www.evearly.news\/fr\/wp-json\/wp\/v2\/comments?post=321658"}],"version-history":[{"count":0,"href":"https:\/\/www.evearly.news\/fr\/wp-json\/wp\/v2\/posts\/321658\/revisions"}],"wp:featuredmedia":[{"embeddable":true,"href":"https:\/\/www.evearly.news\/fr\/wp-json\/wp\/v2\/media\/321659"}],"wp:attachment":[{"href":"https:\/\/www.evearly.news\/fr\/wp-json\/wp\/v2\/media?parent=321658"}],"wp:term":[{"taxonomy":"category","embeddable":true,"href":"https:\/\/www.evearly.news\/fr\/wp-json\/wp\/v2\/categories?post=321658"},{"taxonomy":"post_tag","embeddable":true,"href":"https:\/\/www.evearly.news\/fr\/wp-json\/wp\/v2\/tags?post=321658"}],"curies":[{"name":"wp","href":"https:\/\/api.w.org\/{rel}","templated":true}]}}