{"id":321660,"date":"2026-04-30T16:01:18","date_gmt":"2026-04-30T14:01:18","guid":{"rendered":"https:\/\/www.evearly.news\/fr\/carburants-synthetiques-pourquoi-cette-alternative-est-de-moins-en-moins-une-bonne-idee\/"},"modified":"2026-04-30T16:01:18","modified_gmt":"2026-04-30T14:01:18","slug":"carburants-synthetiques-pourquoi-cette-alternative-est-de-moins-en-moins-une-bonne-idee","status":"publish","type":"post","link":"https:\/\/www.evearly.news\/fr\/carburants-synthetiques-pourquoi-cette-alternative-est-de-moins-en-moins-une-bonne-idee\/","title":{"rendered":"Carburants synth\u00e9tiques : pourquoi cette alternative est de moins en moins une bonne id\u00e9e ?"},"content":{"rendered":"<p><img decoding=\"async\" width=\"500\" height=\"333\" src=\"https:\/\/www.evearly.news\/fr\/wp-content\/uploads\/sites\/6\/2026\/04\/carburants-synthetiques-pourquoi-cette-alternative-est-de-moins-en-moins-une-bonne-idee.jpg\" class=\"attachment-1200x800 size-1200x800 wp-post-image\" alt=\"\" loading=\"lazy\" srcset=\"https:\/\/www.evearly.news\/fr\/wp-content\/uploads\/sites\/6\/2026\/04\/carburants-synthetiques-pourquoi-cette-alternative-est-de-moins-en-moins-une-bonne-idee.jpg 1280w, https:\/\/www.evearly.news\/fr\/wp-content\/uploads\/sites\/6\/2026\/04\/carburants-synthetiques-pourquoi-cette-alternative-est-de-moins-en-moins-une-bonne-idee-1.jpg 1024w, https:\/\/www.evearly.news\/fr\/wp-content\/uploads\/sites\/6\/2026\/04\/carburants-synthetiques-pourquoi-cette-alternative-est-de-moins-en-moins-une-bonne-idee-2.jpg 768w, https:\/\/www.evearly.news\/fr\/wp-content\/uploads\/sites\/6\/2026\/04\/carburants-synthetiques-pourquoi-cette-alternative-est-de-moins-en-moins-une-bonne-idee-3.jpg 700w, https:\/\/cdn.automobile-propre.com\/uploads\/2026\/04\/toyota-prius-e-fuel-960x540.jpg 960w\" sizes=\"auto, (max-width: 1200px) 100vw, 1200px\" \/><br \/>\nLes carburants de synth\u00e8se sont r\u00e9guli\u00e8rement mentionn\u00e9s dans les d\u00e9bats sur la r\u00e9duction des \u00e9missions de CO\u2082 dans le domaine\u2026\u00a0<a href=https:\/\/www.automobile-propre.com\/articles\/carburants-synthetiques-pourquoi-cette-alternative-est-de-moins-en-moins-une-bonne-idee\/ target='bwindow'>Lire la suite&#8230;<\/a><\/p>\n","protected":false},"excerpt":{"rendered":"<p>&#8230; <a class=\"continue-reading-link\" href=\"https:\/\/www.evearly.news\/fr\/carburants-synthetiques-pourquoi-cette-alternative-est-de-moins-en-moins-une-bonne-idee\/\"><\/a><\/p>\n","protected":false},"author":8,"featured_media":321661,"comment_status":"closed","ping_status":"open","sticky":false,"template":"Default","format":"standard","meta":{"footnotes":""},"categories":[8],"tags":[],"class_list":["post-321660","post","type-post","status-publish","format-standard","has-post-thumbnail","hentry","category-automobile-propre"],"_links":{"self":[{"href":"https:\/\/www.evearly.news\/fr\/wp-json\/wp\/v2\/posts\/321660","targetHints":{"allow":["GET"]}}],"collection":[{"href":"https:\/\/www.evearly.news\/fr\/wp-json\/wp\/v2\/posts"}],"about":[{"href":"https:\/\/www.evearly.news\/fr\/wp-json\/wp\/v2\/types\/post"}],"author":[{"embeddable":true,"href":"https:\/\/www.evearly.news\/fr\/wp-json\/wp\/v2\/users\/8"}],"replies":[{"embeddable":true,"href":"https:\/\/www.evearly.news\/fr\/wp-json\/wp\/v2\/comments?post=321660"}],"version-history":[{"count":0,"href":"https:\/\/www.evearly.news\/fr\/wp-json\/wp\/v2\/posts\/321660\/revisions"}],"wp:featuredmedia":[{"embeddable":true,"href":"https:\/\/www.evearly.news\/fr\/wp-json\/wp\/v2\/media\/321661"}],"wp:attachment":[{"href":"https:\/\/www.evearly.news\/fr\/wp-json\/wp\/v2\/media?parent=321660"}],"wp:term":[{"taxonomy":"category","embeddable":true,"href":"https:\/\/www.evearly.news\/fr\/wp-json\/wp\/v2\/categories?post=321660"},{"taxonomy":"post_tag","embeddable":true,"href":"https:\/\/www.evearly.news\/fr\/wp-json\/wp\/v2\/tags?post=321660"}],"curies":[{"name":"wp","href":"https:\/\/api.w.org\/{rel}","templated":true}]}}