{"id":321664,"date":"2026-04-30T16:06:07","date_gmt":"2026-04-30T14:06:07","guid":{"rendered":"https:\/\/www.evearly.news\/fr\/salon-de-pekin-2026-byd-frappe-fort-avec-une-avalanche-de-nouveautes-electriques-et-hybrides\/"},"modified":"2026-04-30T16:06:07","modified_gmt":"2026-04-30T14:06:07","slug":"salon-de-pekin-2026-byd-frappe-fort-avec-une-avalanche-de-nouveautes-electriques-et-hybrides","status":"publish","type":"post","link":"https:\/\/www.evearly.news\/fr\/salon-de-pekin-2026-byd-frappe-fort-avec-une-avalanche-de-nouveautes-electriques-et-hybrides\/","title":{"rendered":"Salon de P\u00e9kin 2026 : BYD frappe fort avec une avalanche de nouveaut\u00e9s \u00e9lectriques et hybrides"},"content":{"rendered":"<p><img decoding=\"async\" src=\"https:\/\/www.evearly.news\/fr\/wp-content\/uploads\/sites\/6\/2026\/04\/salon-de-pekin-2026-byd-frappe-fort-avec-une-avalanche-de-nouveautes-electriques-et-hybrides.jpg\" alt=\"Salon de P\u00e9kin 2026 : BYD frappe fort avec une avalanche de nouveaut\u00e9s \u00e9lectriques et hybrides\"><br \/>\u00c0 l\u2019occasion du Salon Automobile de P\u00e9kin 2026, BYD a une nouvelle fois d\u00e9montr\u00e9 l\u2019\u00e9tendue de ses ambitions mondiales. Le constructeur chinois, d\u00e9j\u00e0 leader des v\u00e9hicules \u00e0 \u00e9nergies nouvelles, a pr\u00e9sent\u00e9 une s\u00e9rie impressionnante de nouveaut\u00e9s allant de la supercar \u00e9lectrique au SUV familial premium, sans oublier plusieurs concept-cars tourn\u00e9s vers la mobilit\u00e9 de demain. Une strat\u00e9gie globale qui monte\u2026 <a href=https:\/\/electriquemag.fr\/byd-salon-pekin-2026-nouveautes-electriques-hybrides\/ target='bwindow'>Lire la suite&#8230;<\/a><\/p>\n","protected":false},"excerpt":{"rendered":"<p>&#8230; <a class=\"continue-reading-link\" href=\"https:\/\/www.evearly.news\/fr\/salon-de-pekin-2026-byd-frappe-fort-avec-une-avalanche-de-nouveautes-electriques-et-hybrides\/\"><\/a><\/p>\n","protected":false},"author":13,"featured_media":321665,"comment_status":"closed","ping_status":"open","sticky":false,"template":"Default","format":"standard","meta":{"footnotes":""},"categories":[13],"tags":[],"class_list":["post-321664","post","type-post","status-publish","format-standard","has-post-thumbnail","hentry","category-electriquemag"],"_links":{"self":[{"href":"https:\/\/www.evearly.news\/fr\/wp-json\/wp\/v2\/posts\/321664","targetHints":{"allow":["GET"]}}],"collection":[{"href":"https:\/\/www.evearly.news\/fr\/wp-json\/wp\/v2\/posts"}],"about":[{"href":"https:\/\/www.evearly.news\/fr\/wp-json\/wp\/v2\/types\/post"}],"author":[{"embeddable":true,"href":"https:\/\/www.evearly.news\/fr\/wp-json\/wp\/v2\/users\/13"}],"replies":[{"embeddable":true,"href":"https:\/\/www.evearly.news\/fr\/wp-json\/wp\/v2\/comments?post=321664"}],"version-history":[{"count":0,"href":"https:\/\/www.evearly.news\/fr\/wp-json\/wp\/v2\/posts\/321664\/revisions"}],"wp:featuredmedia":[{"embeddable":true,"href":"https:\/\/www.evearly.news\/fr\/wp-json\/wp\/v2\/media\/321665"}],"wp:attachment":[{"href":"https:\/\/www.evearly.news\/fr\/wp-json\/wp\/v2\/media?parent=321664"}],"wp:term":[{"taxonomy":"category","embeddable":true,"href":"https:\/\/www.evearly.news\/fr\/wp-json\/wp\/v2\/categories?post=321664"},{"taxonomy":"post_tag","embeddable":true,"href":"https:\/\/www.evearly.news\/fr\/wp-json\/wp\/v2\/tags?post=321664"}],"curies":[{"name":"wp","href":"https:\/\/api.w.org\/{rel}","templated":true}]}}