{"id":321666,"date":"2026-04-30T16:08:49","date_gmt":"2026-04-30T14:08:49","guid":{"rendered":"https:\/\/www.evearly.news\/fr\/vw-id-1-portrait-du-plus-gros-danger-pour-la-twingo\/"},"modified":"2026-04-30T16:08:49","modified_gmt":"2026-04-30T14:08:49","slug":"vw-id-1-portrait-du-plus-gros-danger-pour-la-twingo","status":"publish","type":"post","link":"https:\/\/www.evearly.news\/fr\/vw-id-1-portrait-du-plus-gros-danger-pour-la-twingo\/","title":{"rendered":"VW ID.1 : portrait du plus gros danger pour la Twingo"},"content":{"rendered":"<div class=\"media_block\"><img decoding=\"async\" src=\"https:\/\/www.evearly.news\/fr\/wp-content\/uploads\/sites\/6\/2026\/04\/vw-id-1-portrait-du-plus-gros-danger-pour-la-twingo.jpg\"><\/div>\n<p>M\u00e9thodiquement Volkswagen d\u00e9ploie son offre \u00e9lectrique du haut vers le bas. Apr\u00e8s l\u2019ID.3 d\u00e8s 2019 sur le segment C, qui vient de recevoir un second restylage et d&rsquo;\u00eatre rebaptis\u00e9e d\u2019ID.3 Neo, la marque vient de lancer l\u2019ID.Polo qui investit le segment B. En 2027, la version de s\u00e9rie du concept car ID.Every1 viendra compl\u00e9ter le tableau sur le segment A. Celle qui pourrait porter le patronyme d\u2019ID.up n\u2019en fait pas myst\u00e8re, sa cible ne sera autre que la Renault Twingo E-Tech. Ses dimensions comme ses prestations en attestent. <a href=https:\/\/www.automobile-magazine.fr\/voitures-electriques\/article\/51783-vw-id1-portrait-du-plus-gros-danger-pour-la-twingo alt='automobile magazine' target='blank'>Lire la suite&#8230;<\/a><\/p>\n","protected":false},"excerpt":{"rendered":"<div class=\"media_block\"><img decoding=\"async\" src=\"https:\/\/www.evearly.news\/fr\/wp-content\/uploads\/sites\/6\/2026\/04\/vw-id-1-portrait-du-plus-gros-danger-pour-la-twingo.jpg\"><\/div>\n<p> <a class=\"continue-reading-link\" href=\"https:\/\/www.evearly.news\/fr\/vw-id-1-portrait-du-plus-gros-danger-pour-la-twingo\/\"><\/a><\/p>\n","protected":false},"author":7,"featured_media":321667,"comment_status":"closed","ping_status":"open","sticky":false,"template":"Default","format":"standard","meta":{"footnotes":""},"categories":[7],"tags":[],"class_list":["post-321666","post","type-post","status-publish","format-standard","has-post-thumbnail","hentry","category-automobile-magazine"],"_links":{"self":[{"href":"https:\/\/www.evearly.news\/fr\/wp-json\/wp\/v2\/posts\/321666","targetHints":{"allow":["GET"]}}],"collection":[{"href":"https:\/\/www.evearly.news\/fr\/wp-json\/wp\/v2\/posts"}],"about":[{"href":"https:\/\/www.evearly.news\/fr\/wp-json\/wp\/v2\/types\/post"}],"author":[{"embeddable":true,"href":"https:\/\/www.evearly.news\/fr\/wp-json\/wp\/v2\/users\/7"}],"replies":[{"embeddable":true,"href":"https:\/\/www.evearly.news\/fr\/wp-json\/wp\/v2\/comments?post=321666"}],"version-history":[{"count":0,"href":"https:\/\/www.evearly.news\/fr\/wp-json\/wp\/v2\/posts\/321666\/revisions"}],"wp:featuredmedia":[{"embeddable":true,"href":"https:\/\/www.evearly.news\/fr\/wp-json\/wp\/v2\/media\/321667"}],"wp:attachment":[{"href":"https:\/\/www.evearly.news\/fr\/wp-json\/wp\/v2\/media?parent=321666"}],"wp:term":[{"taxonomy":"category","embeddable":true,"href":"https:\/\/www.evearly.news\/fr\/wp-json\/wp\/v2\/categories?post=321666"},{"taxonomy":"post_tag","embeddable":true,"href":"https:\/\/www.evearly.news\/fr\/wp-json\/wp\/v2\/tags?post=321666"}],"curies":[{"name":"wp","href":"https:\/\/api.w.org\/{rel}","templated":true}]}}