{"id":321674,"date":"2026-04-30T16:10:44","date_gmt":"2026-04-30T14:10:44","guid":{"rendered":"https:\/\/www.evearly.news\/fr\/les-constructeurs-historiques-se-reveillent-enfin-face-a-tesla-et-la-chine-voici-los-des-nouvelles-voitures-electriques-hyundai-et-kia\/"},"modified":"2026-04-30T16:10:44","modified_gmt":"2026-04-30T14:10:44","slug":"les-constructeurs-historiques-se-reveillent-enfin-face-a-tesla-et-la-chine-voici-los-des-nouvelles-voitures-electriques-hyundai-et-kia","status":"publish","type":"post","link":"https:\/\/www.evearly.news\/fr\/les-constructeurs-historiques-se-reveillent-enfin-face-a-tesla-et-la-chine-voici-los-des-nouvelles-voitures-electriques-hyundai-et-kia\/","title":{"rendered":"Les constructeurs historiques se r\u00e9veillent enfin face \u00e0 Tesla et la Chine : voici l\u2019OS des nouvelles voitures \u00e9lectriques Hyundai et Kia"},"content":{"rendered":"<p><img width=\"1200\" height=\"675\" src=\"https:\/\/www.evearly.news\/fr\/wp-content\/uploads\/sites\/6\/2026\/04\/les-constructeurs-historiques-se-reveillent-enfin-face-a-tesla-et-la-chine-voici-los-des-nouvelles-voitures-electriques-hyundai-et-kia.jpg\" class=\"attachment-full size-full wp-post-image\" alt=\"\" decoding=\"async\" loading=\"lazy\" \/<br \/>\nLe groupe Hyundai (incluant Kia et Genesis) vient de d\u00e9voiler son nouveau syst\u00e8me d&rsquo;infodivertissement, baptis\u00e9 Pleos Connect. Bas\u00e9 sur Android Automotive, il arrivera en Europe sur la Ioniq 3 \u00e0 l&rsquo;automne 2026 avec des promesses de connectivit\u00e9 et d&rsquo;ergonomie au meilleur niveau.<br \/>\n <a href=https:\/\/www.frandroid.com\/marques\/hyundai\/3084653_les-constructeurs-historiques-se-reveillent-enfin-face-a-tesla-et-la-chine-voici-los-des-nouvelles-voitures-electriques-hyundai-et-kia target='bwindow'>Lire la suite&#8230;<\/a><\/p>\n","protected":false},"excerpt":{"rendered":"<p>&lt;img width=&quot;1200&quot; height=&quot;675&quot; src=&quot;https:\/\/www.evearly.news\/fr\/wp-content\/uploads\/sites\/6\/2026\/04\/les-constructeurs-historiques-se-reveillent-enfin-face-a-tesla-et-la-chine-voici-los-des-nouvelles-voitures-electriques-hyundai-et-kia.jpg&quot; class=&quot;attachment-full size-full wp-post-image&quot; alt=&quot;&quot; decoding=&quot;async&quot; loading=&quot;lazy&quot; \/<br \/>\nLe groupe Hyundai (incluant Kia et Genesis) vient de d\u00e9voiler son nouveau syst\u00e8me d&rsquo;infodivertissement, baptis\u00e9 Pleos Connect. Bas\u00e9 sur Android Automotive, il arrivera en Europe sur la Ioniq 3 \u00e0 l&rsquo;automne 2026 avec des promesses de connectivit\u00e9 et d&rsquo;ergonomie au meilleur niveau.\n<\/p>\n<p> <a class=\"continue-reading-link\" href=\"https:\/\/www.evearly.news\/fr\/les-constructeurs-historiques-se-reveillent-enfin-face-a-tesla-et-la-chine-voici-los-des-nouvelles-voitures-electriques-hyundai-et-kia\/\"><\/a><\/p>\n","protected":false},"author":6,"featured_media":321675,"comment_status":"closed","ping_status":"open","sticky":false,"template":"Default","format":"standard","meta":{"footnotes":""},"categories":[14],"tags":[],"class_list":["post-321674","post","type-post","status-publish","format-standard","has-post-thumbnail","hentry","category-frandroid"],"_links":{"self":[{"href":"https:\/\/www.evearly.news\/fr\/wp-json\/wp\/v2\/posts\/321674","targetHints":{"allow":["GET"]}}],"collection":[{"href":"https:\/\/www.evearly.news\/fr\/wp-json\/wp\/v2\/posts"}],"about":[{"href":"https:\/\/www.evearly.news\/fr\/wp-json\/wp\/v2\/types\/post"}],"author":[{"embeddable":true,"href":"https:\/\/www.evearly.news\/fr\/wp-json\/wp\/v2\/users\/6"}],"replies":[{"embeddable":true,"href":"https:\/\/www.evearly.news\/fr\/wp-json\/wp\/v2\/comments?post=321674"}],"version-history":[{"count":0,"href":"https:\/\/www.evearly.news\/fr\/wp-json\/wp\/v2\/posts\/321674\/revisions"}],"wp:featuredmedia":[{"embeddable":true,"href":"https:\/\/www.evearly.news\/fr\/wp-json\/wp\/v2\/media\/321675"}],"wp:attachment":[{"href":"https:\/\/www.evearly.news\/fr\/wp-json\/wp\/v2\/media?parent=321674"}],"wp:term":[{"taxonomy":"category","embeddable":true,"href":"https:\/\/www.evearly.news\/fr\/wp-json\/wp\/v2\/categories?post=321674"},{"taxonomy":"post_tag","embeddable":true,"href":"https:\/\/www.evearly.news\/fr\/wp-json\/wp\/v2\/tags?post=321674"}],"curies":[{"name":"wp","href":"https:\/\/api.w.org\/{rel}","templated":true}]}}