{"id":321676,"date":"2026-04-30T16:11:05","date_gmt":"2026-04-30T14:11:05","guid":{"rendered":"https:\/\/www.evearly.news\/fr\/tesla-semi-le-camion-electrique-sort-enfin-apres-9-ans-dattente\/"},"modified":"2026-04-30T16:11:05","modified_gmt":"2026-04-30T14:11:05","slug":"tesla-semi-le-camion-electrique-sort-enfin-apres-9-ans-dattente","status":"publish","type":"post","link":"https:\/\/www.evearly.news\/fr\/tesla-semi-le-camion-electrique-sort-enfin-apres-9-ans-dattente\/","title":{"rendered":"Tesla Semi : le camion \u00e9lectrique sort enfin apr\u00e8s 9 ans d\u2019attente"},"content":{"rendered":"<p><img loading=\"lazy\" width=\"1200\" height=\"675\" src=\"https:\/\/www.evearly.news\/fr\/wp-content\/uploads\/sites\/6\/2026\/04\/tesla-semi-le-camion-electrique-sort-enfin-apres-9-ans-dattente.jpg\" class=\"attachment-full size-full\" alt=\"\" decoding=\"async\" \/><br \/>\nLe constructeur californien franchit une \u00e9tape industrielle majeure avec le lancement de la production en volume de son camion \u00e9lectrique longue distance. Une annonce qui s&rsquo;inscrit dans une ann\u00e9e 2026 pr\u00e9sent\u00e9e comme d\u00e9cisive pour Tesla.<br \/>\n <a href=https:\/\/www.numerama.com\/vroom\/2244691-tesla-semi-le-camion-electrique-sort-enfin-apres-9-ans-dattente.html target=bwindow'>Lire la suite&#8230;<\/a><\/p>\n","protected":false},"excerpt":{"rendered":"<p>&#8230; <a class=\"continue-reading-link\" href=\"https:\/\/www.evearly.news\/fr\/tesla-semi-le-camion-electrique-sort-enfin-apres-9-ans-dattente\/\"><\/a><\/p>\n","protected":false},"author":16,"featured_media":321677,"comment_status":"closed","ping_status":"open","sticky":false,"template":"Default","format":"standard","meta":{"footnotes":""},"categories":[17],"tags":[],"class_list":["post-321676","post","type-post","status-publish","format-standard","has-post-thumbnail","hentry","category-numerama"],"_links":{"self":[{"href":"https:\/\/www.evearly.news\/fr\/wp-json\/wp\/v2\/posts\/321676","targetHints":{"allow":["GET"]}}],"collection":[{"href":"https:\/\/www.evearly.news\/fr\/wp-json\/wp\/v2\/posts"}],"about":[{"href":"https:\/\/www.evearly.news\/fr\/wp-json\/wp\/v2\/types\/post"}],"author":[{"embeddable":true,"href":"https:\/\/www.evearly.news\/fr\/wp-json\/wp\/v2\/users\/16"}],"replies":[{"embeddable":true,"href":"https:\/\/www.evearly.news\/fr\/wp-json\/wp\/v2\/comments?post=321676"}],"version-history":[{"count":0,"href":"https:\/\/www.evearly.news\/fr\/wp-json\/wp\/v2\/posts\/321676\/revisions"}],"wp:featuredmedia":[{"embeddable":true,"href":"https:\/\/www.evearly.news\/fr\/wp-json\/wp\/v2\/media\/321677"}],"wp:attachment":[{"href":"https:\/\/www.evearly.news\/fr\/wp-json\/wp\/v2\/media?parent=321676"}],"wp:term":[{"taxonomy":"category","embeddable":true,"href":"https:\/\/www.evearly.news\/fr\/wp-json\/wp\/v2\/categories?post=321676"},{"taxonomy":"post_tag","embeddable":true,"href":"https:\/\/www.evearly.news\/fr\/wp-json\/wp\/v2\/tags?post=321676"}],"curies":[{"name":"wp","href":"https:\/\/api.w.org\/{rel}","templated":true}]}}