{"id":321678,"date":"2026-04-30T16:12:37","date_gmt":"2026-04-30T14:12:37","guid":{"rendered":"https:\/\/www.evearly.news\/fr\/premier-trimestre-2026-les-flottes-electrisent-les-immatriculations\/"},"modified":"2026-04-30T16:12:37","modified_gmt":"2026-04-30T14:12:37","slug":"premier-trimestre-2026-les-flottes-electrisent-les-immatriculations","status":"publish","type":"post","link":"https:\/\/www.evearly.news\/fr\/premier-trimestre-2026-les-flottes-electrisent-les-immatriculations\/","title":{"rendered":"Premier trimestre 2026\u00a0: les flottes \u00e9lectrisent les immatriculations"},"content":{"rendered":"<p><img loading=\"lazy\" decoding=\"async\" width=\"650\" height=\"430\" class=\"entry-thumb\" src=\"https:\/\/www.evearly.news\/fr\/wp-content\/uploads\/sites\/6\/2026\/04\/premier-trimestre-2026-les-flottes-electrisent-les-immatriculations.jpg\" alt=\"sch\u00e9ma v\u00e9hicule \u00e9lectrique\" title=\"sch\u00e9ma v\u00e9hicule \u00e9lectrique\"\/><br \/>L\u2019\u00e9lectrique prend une part importante dans le mix \u00e9nerg\u00e9tique automobile des flottes. C\u2019est la conclusion du barom\u00e8tre Mobility Observatory Arval sur les \u00e9nergies au premier trimestre 2026. <a href=https:\/\/www.flotauto.com\/barometre-arval-energies-t1-2026\/ target='bwindow'>Lire la suite&#8230;<\/a><\/p>\n","protected":false},"excerpt":{"rendered":"<p>L\u2019\u00e9lectrique prend une part importante dans le mix \u00e9nerg\u00e9tique automobile des flottes. C\u2019est la conclusion du barom\u00e8tre Mobility Observatory Arval sur les \u00e9nergies au premier trimestre 2026&#8230;. <a class=\"continue-reading-link\" href=\"https:\/\/www.evearly.news\/fr\/premier-trimestre-2026-les-flottes-electrisent-les-immatriculations\/\"><\/a><\/p>\n","protected":false},"author":35,"featured_media":321679,"comment_status":"closed","ping_status":"open","sticky":false,"template":"Default","format":"standard","meta":{"footnotes":""},"categories":[179],"tags":[],"class_list":["post-321678","post","type-post","status-publish","format-standard","has-post-thumbnail","hentry","category-flotauto-com"],"_links":{"self":[{"href":"https:\/\/www.evearly.news\/fr\/wp-json\/wp\/v2\/posts\/321678","targetHints":{"allow":["GET"]}}],"collection":[{"href":"https:\/\/www.evearly.news\/fr\/wp-json\/wp\/v2\/posts"}],"about":[{"href":"https:\/\/www.evearly.news\/fr\/wp-json\/wp\/v2\/types\/post"}],"author":[{"embeddable":true,"href":"https:\/\/www.evearly.news\/fr\/wp-json\/wp\/v2\/users\/35"}],"replies":[{"embeddable":true,"href":"https:\/\/www.evearly.news\/fr\/wp-json\/wp\/v2\/comments?post=321678"}],"version-history":[{"count":0,"href":"https:\/\/www.evearly.news\/fr\/wp-json\/wp\/v2\/posts\/321678\/revisions"}],"wp:featuredmedia":[{"embeddable":true,"href":"https:\/\/www.evearly.news\/fr\/wp-json\/wp\/v2\/media\/321679"}],"wp:attachment":[{"href":"https:\/\/www.evearly.news\/fr\/wp-json\/wp\/v2\/media?parent=321678"}],"wp:term":[{"taxonomy":"category","embeddable":true,"href":"https:\/\/www.evearly.news\/fr\/wp-json\/wp\/v2\/categories?post=321678"},{"taxonomy":"post_tag","embeddable":true,"href":"https:\/\/www.evearly.news\/fr\/wp-json\/wp\/v2\/tags?post=321678"}],"curies":[{"name":"wp","href":"https:\/\/api.w.org\/{rel}","templated":true}]}}