{"id":321684,"date":"2026-04-30T19:02:59","date_gmt":"2026-04-30T17:02:59","guid":{"rendered":"https:\/\/www.evearly.news\/fr\/vendue-au-prix-dune-tesla-model-3-cette-moto-electrique-joue-la-carte-de-lultra-personnalisation\/"},"modified":"2026-04-30T19:02:59","modified_gmt":"2026-04-30T17:02:59","slug":"vendue-au-prix-dune-tesla-model-3-cette-moto-electrique-joue-la-carte-de-lultra-personnalisation","status":"publish","type":"post","link":"https:\/\/www.evearly.news\/fr\/vendue-au-prix-dune-tesla-model-3-cette-moto-electrique-joue-la-carte-de-lultra-personnalisation\/","title":{"rendered":"Vendue au prix d\u2019une Tesla Model 3, cette moto \u00e9lectrique joue la carte de l\u2019ultra-personnalisation"},"content":{"rendered":"<p><img loading=\"lazy\" decoding=\"async\" width=\"500\" height=\"333\" src=\"https:\/\/www.evearly.news\/fr\/wp-content\/uploads\/sites\/6\/2026\/04\/vendue-au-prix-dune-tesla-model-3-cette-moto-electrique-joue-la-carte-de-lultra-personnalisation.jpg\" class=\"attachment-1200x800 size-1200x800 wp-post-image\" alt=\"\" srcset=\"https:\/\/www.evearly.news\/fr\/wp-content\/uploads\/sites\/6\/2026\/04\/vendue-au-prix-dune-tesla-model-3-cette-moto-electrique-joue-la-carte-de-lultra-personnalisation.jpg 1250w, https:\/\/www.evearly.news\/fr\/wp-content\/uploads\/sites\/6\/2026\/04\/vendue-au-prix-dune-tesla-model-3-cette-moto-electrique-joue-la-carte-de-lultra-personnalisation-1.jpg 1024w, https:\/\/www.evearly.news\/fr\/wp-content\/uploads\/sites\/6\/2026\/04\/vendue-au-prix-dune-tesla-model-3-cette-moto-electrique-joue-la-carte-de-lultra-personnalisation-2.jpg 768w, https:\/\/www.evearly.news\/fr\/wp-content\/uploads\/sites\/6\/2026\/04\/vendue-au-prix-dune-tesla-model-3-cette-moto-electrique-joue-la-carte-de-lultra-personnalisation-3.jpg 700w, https:\/\/www.evearly.news\/fr\/wp-content\/uploads\/sites\/6\/2026\/04\/vendue-au-prix-dune-tesla-model-3-cette-moto-electrique-joue-la-carte-de-lultra-personnalisation-4.jpg 960w, https:\/\/cdn.automobile-propre.com\/uploads\/2026\/04\/blacksheep-one-main-100x66.jpg 100w\" sizes=\"auto, (max-width: 1200px) 100vw, 1200px\" \/><br \/>\nBlacksheep Power pr\u00e9sente la ONE, une moto \u00e9lectrique en s\u00e9rie limit\u00e9e co-con\u00e7ue avec ses clients, combinant personnalisation et technologie interne.\u00a0<a href=https:\/\/www.automobile-propre.com\/articles\/blacksheep-one-moto-electrique-sur-mesure\/ target='bwindow'>Lire la suite&#8230;<\/a><\/p>\n","protected":false},"excerpt":{"rendered":"<p>&#8230; <a class=\"continue-reading-link\" href=\"https:\/\/www.evearly.news\/fr\/vendue-au-prix-dune-tesla-model-3-cette-moto-electrique-joue-la-carte-de-lultra-personnalisation\/\"><\/a><\/p>\n","protected":false},"author":8,"featured_media":321685,"comment_status":"closed","ping_status":"open","sticky":false,"template":"Default","format":"standard","meta":{"footnotes":""},"categories":[8],"tags":[],"class_list":["post-321684","post","type-post","status-publish","format-standard","has-post-thumbnail","hentry","category-automobile-propre"],"_links":{"self":[{"href":"https:\/\/www.evearly.news\/fr\/wp-json\/wp\/v2\/posts\/321684","targetHints":{"allow":["GET"]}}],"collection":[{"href":"https:\/\/www.evearly.news\/fr\/wp-json\/wp\/v2\/posts"}],"about":[{"href":"https:\/\/www.evearly.news\/fr\/wp-json\/wp\/v2\/types\/post"}],"author":[{"embeddable":true,"href":"https:\/\/www.evearly.news\/fr\/wp-json\/wp\/v2\/users\/8"}],"replies":[{"embeddable":true,"href":"https:\/\/www.evearly.news\/fr\/wp-json\/wp\/v2\/comments?post=321684"}],"version-history":[{"count":0,"href":"https:\/\/www.evearly.news\/fr\/wp-json\/wp\/v2\/posts\/321684\/revisions"}],"wp:featuredmedia":[{"embeddable":true,"href":"https:\/\/www.evearly.news\/fr\/wp-json\/wp\/v2\/media\/321685"}],"wp:attachment":[{"href":"https:\/\/www.evearly.news\/fr\/wp-json\/wp\/v2\/media?parent=321684"}],"wp:term":[{"taxonomy":"category","embeddable":true,"href":"https:\/\/www.evearly.news\/fr\/wp-json\/wp\/v2\/categories?post=321684"},{"taxonomy":"post_tag","embeddable":true,"href":"https:\/\/www.evearly.news\/fr\/wp-json\/wp\/v2\/tags?post=321684"}],"curies":[{"name":"wp","href":"https:\/\/api.w.org\/{rel}","templated":true}]}}