{"id":321688,"date":"2026-04-30T11:03:03","date_gmt":"2026-04-30T09:03:03","guid":{"rendered":"https:\/\/www.evearly.news\/fr\/pour-linstant-la-nouvelle-volkswagen-id-polo-electrique-est-encore-plus-chere-que-la-renault-5\/"},"modified":"2026-04-30T11:03:03","modified_gmt":"2026-04-30T09:03:03","slug":"pour-linstant-la-nouvelle-volkswagen-id-polo-electrique-est-encore-plus-chere-que-la-renault-5","status":"publish","type":"post","link":"https:\/\/www.evearly.news\/fr\/pour-linstant-la-nouvelle-volkswagen-id-polo-electrique-est-encore-plus-chere-que-la-renault-5\/","title":{"rendered":"Pour l\u2019instant, la nouvelle Volkswagen ID.Polo \u00e9lectrique est encore plus ch\u00e8re que la Renault 5"},"content":{"rendered":"<p><img decoding=\"async\" src=\"https:\/\/www.evearly.news\/fr\/wp-content\/uploads\/sites\/6\/2026\/04\/pour-linstant-la-nouvelle-volkswagen-id-polo-electrique-est-encore-plus-chere-que-la-renault-5.jpg\" alt=\"caradisiac\" \n><br \/>La premi\u00e8re citadine \u00e9lectrique de Volkswagen ouvre d\u00e9j\u00e0 son carnet de commandes. Pour l\u2019instant, elle se focalise sur les versions haut de gamme \u00e0 grosses batteries. Elle pourra aller plus loin que la Renault 5 et transporter plus de choses, mais elle co\u00fbte aussi plus cher que la Fran\u00e7aise\u00a0! <a href=https:\/\/www.caradisiac.com\/pour-l-instant-la-nouvelle-volkswagen-id-polo-electrique-est-encore-plus-chere-que-la-renault-5-221786.htm#xtor=RSS-40 target=blank>Lire la suite&#8230;<\/a><\/p>\n","protected":false},"excerpt":{"rendered":"<p><img decoding=\"async\" src=\"https:\/\/www.evearly.news\/fr\/wp-content\/uploads\/sites\/6\/2026\/04\/pour-linstant-la-nouvelle-volkswagen-id-polo-electrique-est-encore-plus-chere-que-la-renault-5.jpg\" alt=\"caradisiac\"><br \/>La premi\u00e8re citadine \u00e9lectrique de Volkswagen ouvre d\u00e9j\u00e0 son carnet de commandes. Pour l\u2019instant, elle se focalise sur les versions haut de gamme \u00e0 grosses batteries. Elle pourra aller plus loin que la Renault 5 et transporter plus de choses, mais elle co\u00fbte aussi plus cher que la Fran\u00e7aise\u00a0!<\/p>\n<p> <a class=\"continue-reading-link\" href=\"https:\/\/www.evearly.news\/fr\/pour-linstant-la-nouvelle-volkswagen-id-polo-electrique-est-encore-plus-chere-que-la-renault-5\/\"><\/a><\/p>\n","protected":false},"author":11,"featured_media":321689,"comment_status":"closed","ping_status":"open","sticky":false,"template":"Default","format":"standard","meta":{"footnotes":""},"categories":[11],"tags":[],"class_list":["post-321688","post","type-post","status-publish","format-standard","has-post-thumbnail","hentry","category-caradisiac"],"_links":{"self":[{"href":"https:\/\/www.evearly.news\/fr\/wp-json\/wp\/v2\/posts\/321688","targetHints":{"allow":["GET"]}}],"collection":[{"href":"https:\/\/www.evearly.news\/fr\/wp-json\/wp\/v2\/posts"}],"about":[{"href":"https:\/\/www.evearly.news\/fr\/wp-json\/wp\/v2\/types\/post"}],"author":[{"embeddable":true,"href":"https:\/\/www.evearly.news\/fr\/wp-json\/wp\/v2\/users\/11"}],"replies":[{"embeddable":true,"href":"https:\/\/www.evearly.news\/fr\/wp-json\/wp\/v2\/comments?post=321688"}],"version-history":[{"count":0,"href":"https:\/\/www.evearly.news\/fr\/wp-json\/wp\/v2\/posts\/321688\/revisions"}],"wp:featuredmedia":[{"embeddable":true,"href":"https:\/\/www.evearly.news\/fr\/wp-json\/wp\/v2\/media\/321689"}],"wp:attachment":[{"href":"https:\/\/www.evearly.news\/fr\/wp-json\/wp\/v2\/media?parent=321688"}],"wp:term":[{"taxonomy":"category","embeddable":true,"href":"https:\/\/www.evearly.news\/fr\/wp-json\/wp\/v2\/categories?post=321688"},{"taxonomy":"post_tag","embeddable":true,"href":"https:\/\/www.evearly.news\/fr\/wp-json\/wp\/v2\/tags?post=321688"}],"curies":[{"name":"wp","href":"https:\/\/api.w.org\/{rel}","templated":true}]}}