{"id":321690,"date":"2026-04-30T19:14:19","date_gmt":"2026-04-30T17:14:19","guid":{"rendered":"https:\/\/www.evearly.news\/fr\/prix-nouvelle-volkswagen-id-polo-pour-linstant-elle-est-mal-partie-pour-rendre-lelectrique-plus-accessible\/"},"modified":"2026-04-30T19:14:19","modified_gmt":"2026-04-30T17:14:19","slug":"prix-nouvelle-volkswagen-id-polo-pour-linstant-elle-est-mal-partie-pour-rendre-lelectrique-plus-accessible","status":"publish","type":"post","link":"https:\/\/www.evearly.news\/fr\/prix-nouvelle-volkswagen-id-polo-pour-linstant-elle-est-mal-partie-pour-rendre-lelectrique-plus-accessible\/","title":{"rendered":"Prix nouvelle Volkswagen ID.Polo : pour l&rsquo;instant, elle est mal partie pour rendre l&rsquo;\u00e9lectrique plus accessible"},"content":{"rendered":"<div class=\"media_block\"><img decoding=\"async\" src=\"https:\/\/www.evearly.news\/fr\/wp-content\/uploads\/sites\/6\/2026\/04\/prix-nouvelle-volkswagen-id-polo-pour-linstant-elle-est-mal-partie-pour-rendre-lelectrique-plus-accessible.jpg\"><\/div>\n<p>Sans surprise, Volkswagen ouvre les festivit\u00e9s avec une gamme d&rsquo;ID.Polo pour l&rsquo;instant centr\u00e9e sur la grosse batterie avec des mod\u00e8les tr\u00e8s bien \u00e9quip\u00e9s d\u00e8s le premier niveau de finition. Une voiture pour le moins int\u00e9ressante sur de nombreux points mais qui vend pour l&rsquo;instant assez cher sa peau. En attendant des \u00ab\u00a0jours meilleurs\u00a0\u00bb avec des variantes plus accessibles. Le match avec la Renault 5 est en tout cas lanc\u00e9. <a href=https:\/\/www.automobile-magazine.fr\/voitures-electriques\/article\/51800-prix-nouvelle-volkswagen-idpolo-pour-linstant-elle-est-mal-partie-pour-rendre-lelectrique-plus-accessible alt='automobile magazine' target='blank'>Lire la suite&#8230;<\/a><\/p>\n","protected":false},"excerpt":{"rendered":"<div class=\"media_block\"><img decoding=\"async\" src=\"https:\/\/www.evearly.news\/fr\/wp-content\/uploads\/sites\/6\/2026\/04\/prix-nouvelle-volkswagen-id-polo-pour-linstant-elle-est-mal-partie-pour-rendre-lelectrique-plus-accessible.jpg\"><\/div>\n<p> <a class=\"continue-reading-link\" href=\"https:\/\/www.evearly.news\/fr\/prix-nouvelle-volkswagen-id-polo-pour-linstant-elle-est-mal-partie-pour-rendre-lelectrique-plus-accessible\/\"><\/a><\/p>\n","protected":false},"author":7,"featured_media":321691,"comment_status":"closed","ping_status":"open","sticky":false,"template":"Default","format":"standard","meta":{"footnotes":""},"categories":[7],"tags":[],"class_list":["post-321690","post","type-post","status-publish","format-standard","has-post-thumbnail","hentry","category-automobile-magazine"],"_links":{"self":[{"href":"https:\/\/www.evearly.news\/fr\/wp-json\/wp\/v2\/posts\/321690","targetHints":{"allow":["GET"]}}],"collection":[{"href":"https:\/\/www.evearly.news\/fr\/wp-json\/wp\/v2\/posts"}],"about":[{"href":"https:\/\/www.evearly.news\/fr\/wp-json\/wp\/v2\/types\/post"}],"author":[{"embeddable":true,"href":"https:\/\/www.evearly.news\/fr\/wp-json\/wp\/v2\/users\/7"}],"replies":[{"embeddable":true,"href":"https:\/\/www.evearly.news\/fr\/wp-json\/wp\/v2\/comments?post=321690"}],"version-history":[{"count":0,"href":"https:\/\/www.evearly.news\/fr\/wp-json\/wp\/v2\/posts\/321690\/revisions"}],"wp:featuredmedia":[{"embeddable":true,"href":"https:\/\/www.evearly.news\/fr\/wp-json\/wp\/v2\/media\/321691"}],"wp:attachment":[{"href":"https:\/\/www.evearly.news\/fr\/wp-json\/wp\/v2\/media?parent=321690"}],"wp:term":[{"taxonomy":"category","embeddable":true,"href":"https:\/\/www.evearly.news\/fr\/wp-json\/wp\/v2\/categories?post=321690"},{"taxonomy":"post_tag","embeddable":true,"href":"https:\/\/www.evearly.news\/fr\/wp-json\/wp\/v2\/tags?post=321690"}],"curies":[{"name":"wp","href":"https:\/\/api.w.org\/{rel}","templated":true}]}}