{"id":321696,"date":"2026-04-30T19:16:11","date_gmt":"2026-04-30T17:16:11","guid":{"rendered":"https:\/\/www.evearly.news\/fr\/xiaomi-est-le-premier-a-avoir-cette-technologie-dans-une-voiture-on-a-teste-la-xiaomi-yu7-electrique-le-suv-electrique-qui-ringardise-tesla\/"},"modified":"2026-04-30T19:16:11","modified_gmt":"2026-04-30T17:16:11","slug":"xiaomi-est-le-premier-a-avoir-cette-technologie-dans-une-voiture-on-a-teste-la-xiaomi-yu7-electrique-le-suv-electrique-qui-ringardise-tesla","status":"publish","type":"post","link":"https:\/\/www.evearly.news\/fr\/xiaomi-est-le-premier-a-avoir-cette-technologie-dans-une-voiture-on-a-teste-la-xiaomi-yu7-electrique-le-suv-electrique-qui-ringardise-tesla\/","title":{"rendered":"\u00ab Xiaomi est le premier \u00e0 avoir cette technologie dans une voiture \u00bb : on a test\u00e9 la Xiaomi YU7 \u00e9lectrique, le SUV \u00e9lectrique qui ringardise Tesla"},"content":{"rendered":"<p><img width=\"1200\" height=\"675\" src=\"https:\/\/www.evearly.news\/fr\/wp-content\/uploads\/sites\/6\/2026\/04\/xiaomi-est-le-premier-a-avoir-cette-technologie-dans-une-voiture-on-a-teste-la-xiaomi-yu7-electrique-le-suv-electrique-qui-ringardise-tesla.jpg\" class=\"attachment-full size-full wp-post-image\" alt=\"\" decoding=\"async\" fetchpriority=\"high\" \/<br \/>\nNous avons roul\u00e9 \u00e0 bord du Xiaomi YU7, le nouveau SUV \u00e9lectrique du constructeur taill\u00e9 pour concurrencer le Tesla Model Y. Embarquez avec nous avec cette vid\u00e9o qui vous fera voyager dans cette voiture \u00e9lectrique en plein P\u00e9kin.<br \/>\n <a href=https:\/\/www.frandroid.com\/marques\/xiaomi\/3081285_prise-en-main-du-xiaomi-u7-en-video-le-suv-electrique-pour-defier-tesla target='bwindow'>Lire la suite&#8230;<\/a><\/p>\n","protected":false},"excerpt":{"rendered":"<p>&lt;img width=&quot;1200&quot; height=&quot;675&quot; src=&quot;https:\/\/www.evearly.news\/fr\/wp-content\/uploads\/sites\/6\/2026\/04\/xiaomi-est-le-premier-a-avoir-cette-technologie-dans-une-voiture-on-a-teste-la-xiaomi-yu7-electrique-le-suv-electrique-qui-ringardise-tesla.jpg&quot; class=&quot;attachment-full size-full wp-post-image&quot; alt=&quot;&quot; decoding=&quot;async&quot; fetchpriority=&quot;high&quot; \/<br \/>\nNous avons roul\u00e9 \u00e0 bord du Xiaomi YU7, le nouveau SUV \u00e9lectrique du constructeur taill\u00e9 pour concurrencer le Tesla Model Y. Embarquez avec nous avec cette vid\u00e9o qui vous fera voyager dans cette voiture \u00e9lectrique en plein P\u00e9kin.\n<\/p>\n<p> <a class=\"continue-reading-link\" href=\"https:\/\/www.evearly.news\/fr\/xiaomi-est-le-premier-a-avoir-cette-technologie-dans-une-voiture-on-a-teste-la-xiaomi-yu7-electrique-le-suv-electrique-qui-ringardise-tesla\/\"><\/a><\/p>\n","protected":false},"author":6,"featured_media":321697,"comment_status":"closed","ping_status":"open","sticky":false,"template":"Default","format":"standard","meta":{"footnotes":""},"categories":[14],"tags":[],"class_list":["post-321696","post","type-post","status-publish","format-standard","has-post-thumbnail","hentry","category-frandroid"],"_links":{"self":[{"href":"https:\/\/www.evearly.news\/fr\/wp-json\/wp\/v2\/posts\/321696","targetHints":{"allow":["GET"]}}],"collection":[{"href":"https:\/\/www.evearly.news\/fr\/wp-json\/wp\/v2\/posts"}],"about":[{"href":"https:\/\/www.evearly.news\/fr\/wp-json\/wp\/v2\/types\/post"}],"author":[{"embeddable":true,"href":"https:\/\/www.evearly.news\/fr\/wp-json\/wp\/v2\/users\/6"}],"replies":[{"embeddable":true,"href":"https:\/\/www.evearly.news\/fr\/wp-json\/wp\/v2\/comments?post=321696"}],"version-history":[{"count":0,"href":"https:\/\/www.evearly.news\/fr\/wp-json\/wp\/v2\/posts\/321696\/revisions"}],"wp:featuredmedia":[{"embeddable":true,"href":"https:\/\/www.evearly.news\/fr\/wp-json\/wp\/v2\/media\/321697"}],"wp:attachment":[{"href":"https:\/\/www.evearly.news\/fr\/wp-json\/wp\/v2\/media?parent=321696"}],"wp:term":[{"taxonomy":"category","embeddable":true,"href":"https:\/\/www.evearly.news\/fr\/wp-json\/wp\/v2\/categories?post=321696"},{"taxonomy":"post_tag","embeddable":true,"href":"https:\/\/www.evearly.news\/fr\/wp-json\/wp\/v2\/tags?post=321696"}],"curies":[{"name":"wp","href":"https:\/\/api.w.org\/{rel}","templated":true}]}}