{"id":321698,"date":"2026-04-30T19:16:39","date_gmt":"2026-04-30T17:16:39","guid":{"rendered":"https:\/\/www.evearly.news\/fr\/apporter-la-mobilite-a-la-masse-citroen-veut-recreer-le-meme-phenomene-que-la-2cv-apres-la-guerre\/"},"modified":"2026-04-30T19:16:39","modified_gmt":"2026-04-30T17:16:39","slug":"apporter-la-mobilite-a-la-masse-citroen-veut-recreer-le-meme-phenomene-que-la-2cv-apres-la-guerre","status":"publish","type":"post","link":"https:\/\/www.evearly.news\/fr\/apporter-la-mobilite-a-la-masse-citroen-veut-recreer-le-meme-phenomene-que-la-2cv-apres-la-guerre\/","title":{"rendered":"\u00ab Apporter la mobilit\u00e9 \u00e0 la masse \u00bb : Citro\u00ebn veut r\u00e9cr\u00e9er le m\u00eame ph\u00e9nom\u00e8ne que la 2CV apr\u00e8s la Guerre"},"content":{"rendered":"<p><img width=\"1200\" height=\"675\" src=\"https:\/\/www.evearly.news\/fr\/wp-content\/uploads\/sites\/6\/2026\/04\/apporter-la-mobilite-a-la-masse-citroen-veut-recreer-le-meme-phenomene-que-la-2cv-apres-la-guerre.jpg\" class=\"attachment-full size-full\" alt=\"\" decoding=\"async\" loading=\"lazy\" \/><br \/>\nFace \u00e0 l&rsquo;envol\u00e9e des prix de l&rsquo;\u00e9lectrique, Citro\u00ebn confirme son intention de lancer un mod\u00e8le in\u00e9dit sous le seuil symbolique des 15 000 euros. Le directeur g\u00e9n\u00e9ral de la marque, Xavier Chardon, entend ainsi renouer avec la mission sociale historique des chevrons.<br \/>\n <a href=https:\/\/www.numerama.com\/vroom\/2244431-apporter-la-mobilite-a-la-masse-citroen-veut-recreer-le-meme-phenomene-que-la-2cv-apres-la-guerre.html target=bwindow'>Lire la suite&#8230;<\/a><\/p>\n","protected":false},"excerpt":{"rendered":"<p>&#8230; <a class=\"continue-reading-link\" href=\"https:\/\/www.evearly.news\/fr\/apporter-la-mobilite-a-la-masse-citroen-veut-recreer-le-meme-phenomene-que-la-2cv-apres-la-guerre\/\"><\/a><\/p>\n","protected":false},"author":16,"featured_media":321699,"comment_status":"closed","ping_status":"open","sticky":false,"template":"Default","format":"standard","meta":{"footnotes":""},"categories":[17],"tags":[],"class_list":["post-321698","post","type-post","status-publish","format-standard","has-post-thumbnail","hentry","category-numerama"],"_links":{"self":[{"href":"https:\/\/www.evearly.news\/fr\/wp-json\/wp\/v2\/posts\/321698","targetHints":{"allow":["GET"]}}],"collection":[{"href":"https:\/\/www.evearly.news\/fr\/wp-json\/wp\/v2\/posts"}],"about":[{"href":"https:\/\/www.evearly.news\/fr\/wp-json\/wp\/v2\/types\/post"}],"author":[{"embeddable":true,"href":"https:\/\/www.evearly.news\/fr\/wp-json\/wp\/v2\/users\/16"}],"replies":[{"embeddable":true,"href":"https:\/\/www.evearly.news\/fr\/wp-json\/wp\/v2\/comments?post=321698"}],"version-history":[{"count":0,"href":"https:\/\/www.evearly.news\/fr\/wp-json\/wp\/v2\/posts\/321698\/revisions"}],"wp:featuredmedia":[{"embeddable":true,"href":"https:\/\/www.evearly.news\/fr\/wp-json\/wp\/v2\/media\/321699"}],"wp:attachment":[{"href":"https:\/\/www.evearly.news\/fr\/wp-json\/wp\/v2\/media?parent=321698"}],"wp:term":[{"taxonomy":"category","embeddable":true,"href":"https:\/\/www.evearly.news\/fr\/wp-json\/wp\/v2\/categories?post=321698"},{"taxonomy":"post_tag","embeddable":true,"href":"https:\/\/www.evearly.news\/fr\/wp-json\/wp\/v2\/tags?post=321698"}],"curies":[{"name":"wp","href":"https:\/\/api.w.org\/{rel}","templated":true}]}}