{"id":321700,"date":"2026-04-30T19:17:45","date_gmt":"2026-04-30T17:17:45","guid":{"rendered":"https:\/\/www.evearly.news\/fr\/volkswagen-devoile-sa-nouvelle-id-polo-100-electrique\/"},"modified":"2026-04-30T19:17:45","modified_gmt":"2026-04-30T17:17:45","slug":"volkswagen-devoile-sa-nouvelle-id-polo-100-electrique","status":"publish","type":"post","link":"https:\/\/www.evearly.news\/fr\/volkswagen-devoile-sa-nouvelle-id-polo-100-electrique\/","title":{"rendered":"Volkswagen d\u00e9voile sa nouvelle ID. Polo 100\u00a0% \u00e9lectrique"},"content":{"rendered":"<p><img loading=\"lazy\" decoding=\"async\" width=\"623\" height=\"467\" class=\"entry-thumb\" src=\"https:\/\/www.evearly.news\/fr\/wp-content\/uploads\/sites\/6\/2026\/04\/volkswagen-devoile-sa-nouvelle-id-polo-100-electrique.jpg\" alt=\"\" title=\"\"\/><br \/>Volkswagen a pr\u00e9sent\u00e9, le 29 avril, au Palais de Tokyo \u00e0 Paris, sa nouvelle ID. Polo. Une citadine 100 % \u00e9lectrique propos\u00e9e avec deux tailles de batteries, \u00e0 partir de 24 995 euros TTC. <a href=https:\/\/www.flotauto.com\/volkswagen-devoile-sa-nouvelle-id-polo-100-electrique\/ target='bwindow'>Lire la suite&#8230;<\/a><\/p>\n","protected":false},"excerpt":{"rendered":"<p>Volkswagen a pr\u00e9sent\u00e9, le 29 avril, au Palais de Tokyo \u00e0 Paris, sa nouvelle ID. Polo. Une citadine 100 % \u00e9lectrique propos\u00e9e avec deux tailles de batteries, \u00e0 partir de 24 995 euros TTC&#8230;. <a class=\"continue-reading-link\" href=\"https:\/\/www.evearly.news\/fr\/volkswagen-devoile-sa-nouvelle-id-polo-100-electrique\/\"><\/a><\/p>\n","protected":false},"author":35,"featured_media":321701,"comment_status":"closed","ping_status":"open","sticky":false,"template":"Default","format":"standard","meta":{"footnotes":""},"categories":[179],"tags":[],"class_list":["post-321700","post","type-post","status-publish","format-standard","has-post-thumbnail","hentry","category-flotauto-com"],"_links":{"self":[{"href":"https:\/\/www.evearly.news\/fr\/wp-json\/wp\/v2\/posts\/321700","targetHints":{"allow":["GET"]}}],"collection":[{"href":"https:\/\/www.evearly.news\/fr\/wp-json\/wp\/v2\/posts"}],"about":[{"href":"https:\/\/www.evearly.news\/fr\/wp-json\/wp\/v2\/types\/post"}],"author":[{"embeddable":true,"href":"https:\/\/www.evearly.news\/fr\/wp-json\/wp\/v2\/users\/35"}],"replies":[{"embeddable":true,"href":"https:\/\/www.evearly.news\/fr\/wp-json\/wp\/v2\/comments?post=321700"}],"version-history":[{"count":0,"href":"https:\/\/www.evearly.news\/fr\/wp-json\/wp\/v2\/posts\/321700\/revisions"}],"wp:featuredmedia":[{"embeddable":true,"href":"https:\/\/www.evearly.news\/fr\/wp-json\/wp\/v2\/media\/321701"}],"wp:attachment":[{"href":"https:\/\/www.evearly.news\/fr\/wp-json\/wp\/v2\/media?parent=321700"}],"wp:term":[{"taxonomy":"category","embeddable":true,"href":"https:\/\/www.evearly.news\/fr\/wp-json\/wp\/v2\/categories?post=321700"},{"taxonomy":"post_tag","embeddable":true,"href":"https:\/\/www.evearly.news\/fr\/wp-json\/wp\/v2\/tags?post=321700"}],"curies":[{"name":"wp","href":"https:\/\/api.w.org\/{rel}","templated":true}]}}