{"id":321710,"date":"2026-04-30T20:45:00","date_gmt":"2026-04-30T18:45:00","guid":{"rendered":"https:\/\/www.evearly.news\/fr\/surtout-nachetez-pas-de-voiture-electrique-en-2026-avant-davoir-lu-ceci\/"},"modified":"2026-04-30T20:45:00","modified_gmt":"2026-04-30T18:45:00","slug":"surtout-nachetez-pas-de-voiture-electrique-en-2026-avant-davoir-lu-ceci","status":"publish","type":"post","link":"https:\/\/www.evearly.news\/fr\/surtout-nachetez-pas-de-voiture-electrique-en-2026-avant-davoir-lu-ceci\/","title":{"rendered":"Surtout n\u2019achetez pas de voiture \u00e9lectrique en 2026 (avant d\u2019avoir lu ceci)"},"content":{"rendered":"<p><img decoding=\"async\" src=\"https:\/\/www.evearly.news\/fr\/wp-content\/uploads\/sites\/6\/2026\/04\/surtout-nachetez-pas-de-voiture-electrique-en-2026-avant-davoir-lu-ceci.jpg\" alt=\"caradisiac\" \n><br \/>Alors que la barre des 2 \u20ac est all\u00e9grement franchie \u00e0 la pompe, la voiture \u00e9lectrique s\u2019appr\u00eate \u00e0 conqu\u00e9rir 30 % du march\u00e9 fran\u00e7ais. Mais entre le prix d&rsquo;achat, le co\u00fbt r\u00e9el des recharges sur autoroute et la peur de la panne en hiver, le doute persiste chez de nombreux automobilistes. Caradisiac a pass\u00e9 au crible les principales id\u00e9es re\u00e7ues qui collent aux pneus des voitures \u00e0 piles. Entre le bonus \u00e9cologique qui r\u00e9duit l&rsquo;\u00e9cart de prix et des batteries qui gardent 88 % de leur forme apr\u00e8s 320 000 km, nous avons men\u00e9 l\u2019enqu\u00eate sur ce qui est une r\u00e9alit\u00e9&#8230; et ce qui reste une l\u00e9gende urbaine. <a href=https:\/\/www.caradisiac.com\/surtout-n-achetez-pas-de-voiture-electrique-en-2026-avant-d-avoir-lu-ceci-221736.htm#xtor=RSS-40 target=blank>Lire la suite&#8230;<\/a><\/p>\n","protected":false},"excerpt":{"rendered":"<p><img decoding=\"async\" src=\"https:\/\/www.evearly.news\/fr\/wp-content\/uploads\/sites\/6\/2026\/04\/surtout-nachetez-pas-de-voiture-electrique-en-2026-avant-davoir-lu-ceci.jpg\" alt=\"caradisiac\"><br \/>Alors que la barre des 2 \u20ac est all\u00e9grement franchie \u00e0 la pompe, la voiture \u00e9lectrique s\u2019appr\u00eate \u00e0 conqu\u00e9rir 30 % du march\u00e9 fran\u00e7ais. Mais entre le prix d&rsquo;achat, le co\u00fbt r\u00e9el des recharges sur autoroute et la peur de la panne en hiver, le doute persiste chez de nombreux automobilistes. Caradisiac a pass\u00e9 au crible les principales id\u00e9es re\u00e7ues qui collent aux pneus des voitures \u00e0 piles. Entre le bonus \u00e9cologique qui r\u00e9duit l&rsquo;\u00e9cart de prix et des batteries qui gardent 88 % de leur forme apr\u00e8s 320 000 km, nous avons men\u00e9 l\u2019enqu\u00eate sur ce qui est une r\u00e9alit\u00e9&#8230; et ce qui reste une l\u00e9gende urbaine.<\/p>\n<p> <a class=\"continue-reading-link\" href=\"https:\/\/www.evearly.news\/fr\/surtout-nachetez-pas-de-voiture-electrique-en-2026-avant-davoir-lu-ceci\/\"><\/a><\/p>\n","protected":false},"author":11,"featured_media":321711,"comment_status":"closed","ping_status":"open","sticky":false,"template":"Default","format":"standard","meta":{"footnotes":""},"categories":[11],"tags":[],"class_list":["post-321710","post","type-post","status-publish","format-standard","has-post-thumbnail","hentry","category-caradisiac"],"_links":{"self":[{"href":"https:\/\/www.evearly.news\/fr\/wp-json\/wp\/v2\/posts\/321710","targetHints":{"allow":["GET"]}}],"collection":[{"href":"https:\/\/www.evearly.news\/fr\/wp-json\/wp\/v2\/posts"}],"about":[{"href":"https:\/\/www.evearly.news\/fr\/wp-json\/wp\/v2\/types\/post"}],"author":[{"embeddable":true,"href":"https:\/\/www.evearly.news\/fr\/wp-json\/wp\/v2\/users\/11"}],"replies":[{"embeddable":true,"href":"https:\/\/www.evearly.news\/fr\/wp-json\/wp\/v2\/comments?post=321710"}],"version-history":[{"count":0,"href":"https:\/\/www.evearly.news\/fr\/wp-json\/wp\/v2\/posts\/321710\/revisions"}],"wp:featuredmedia":[{"embeddable":true,"href":"https:\/\/www.evearly.news\/fr\/wp-json\/wp\/v2\/media\/321711"}],"wp:attachment":[{"href":"https:\/\/www.evearly.news\/fr\/wp-json\/wp\/v2\/media?parent=321710"}],"wp:term":[{"taxonomy":"category","embeddable":true,"href":"https:\/\/www.evearly.news\/fr\/wp-json\/wp\/v2\/categories?post=321710"},{"taxonomy":"post_tag","embeddable":true,"href":"https:\/\/www.evearly.news\/fr\/wp-json\/wp\/v2\/tags?post=321710"}],"curies":[{"name":"wp","href":"https:\/\/api.w.org\/{rel}","templated":true}]}}