{"id":321718,"date":"2026-04-30T22:16:01","date_gmt":"2026-04-30T20:16:01","guid":{"rendered":"https:\/\/www.evearly.news\/fr\/volkswagen-id-polo-tous-les-prix-de-la-nouvelle-citadine-electrique-phare\/"},"modified":"2026-04-30T22:16:01","modified_gmt":"2026-04-30T20:16:01","slug":"volkswagen-id-polo-tous-les-prix-de-la-nouvelle-citadine-electrique-phare","status":"publish","type":"post","link":"https:\/\/www.evearly.news\/fr\/volkswagen-id-polo-tous-les-prix-de-la-nouvelle-citadine-electrique-phare\/","title":{"rendered":"Volkswagen ID. Polo : tous les prix de la nouvelle citadine \u00e9lectrique phare"},"content":{"rendered":"<p><img width=\"1200\" height=\"675\" src=\"https:\/\/www.evearly.news\/fr\/wp-content\/uploads\/sites\/6\/2026\/04\/volkswagen-id-polo-tous-les-prix-de-la-nouvelle-citadine-electrique-phare.jpg\" class=\"attachment-full size-full\" alt=\"\" decoding=\"async\" loading=\"lazy\" \/><br \/>\nVolkswagen a enfin lev\u00e9 le voile sur l&rsquo;une de ses nouveaut\u00e9s majeures des dix derni\u00e8res ann\u00e9es : l&rsquo;ID. Polo. La citadine \u00e9lectrique est d\u00e9j\u00e0 disponible \u00e0 la commande dans sa version \u00e0 grosse batterie de 52 kWh. Voici tous les prix.<br \/>\n <a href=https:\/\/www.numerama.com\/vroom\/2244115-volkswagen-id-polo-tous-les-prix-de-la-nouvelle-citadine-electrique-phare.html target=bwindow'>Lire la suite&#8230;<\/a><\/p>\n","protected":false},"excerpt":{"rendered":"<p>&#8230; <a class=\"continue-reading-link\" href=\"https:\/\/www.evearly.news\/fr\/volkswagen-id-polo-tous-les-prix-de-la-nouvelle-citadine-electrique-phare\/\"><\/a><\/p>\n","protected":false},"author":16,"featured_media":321719,"comment_status":"closed","ping_status":"open","sticky":false,"template":"Default","format":"standard","meta":{"footnotes":""},"categories":[17],"tags":[],"class_list":["post-321718","post","type-post","status-publish","format-standard","has-post-thumbnail","hentry","category-numerama"],"_links":{"self":[{"href":"https:\/\/www.evearly.news\/fr\/wp-json\/wp\/v2\/posts\/321718","targetHints":{"allow":["GET"]}}],"collection":[{"href":"https:\/\/www.evearly.news\/fr\/wp-json\/wp\/v2\/posts"}],"about":[{"href":"https:\/\/www.evearly.news\/fr\/wp-json\/wp\/v2\/types\/post"}],"author":[{"embeddable":true,"href":"https:\/\/www.evearly.news\/fr\/wp-json\/wp\/v2\/users\/16"}],"replies":[{"embeddable":true,"href":"https:\/\/www.evearly.news\/fr\/wp-json\/wp\/v2\/comments?post=321718"}],"version-history":[{"count":0,"href":"https:\/\/www.evearly.news\/fr\/wp-json\/wp\/v2\/posts\/321718\/revisions"}],"wp:featuredmedia":[{"embeddable":true,"href":"https:\/\/www.evearly.news\/fr\/wp-json\/wp\/v2\/media\/321719"}],"wp:attachment":[{"href":"https:\/\/www.evearly.news\/fr\/wp-json\/wp\/v2\/media?parent=321718"}],"wp:term":[{"taxonomy":"category","embeddable":true,"href":"https:\/\/www.evearly.news\/fr\/wp-json\/wp\/v2\/categories?post=321718"},{"taxonomy":"post_tag","embeddable":true,"href":"https:\/\/www.evearly.news\/fr\/wp-json\/wp\/v2\/tags?post=321718"}],"curies":[{"name":"wp","href":"https:\/\/api.w.org\/{rel}","templated":true}]}}