{"id":321728,"date":"2026-05-01T01:12:54","date_gmt":"2026-04-30T23:12:54","guid":{"rendered":"https:\/\/www.evearly.news\/fr\/volkswagen-id-3-une-revanche-inattendue-et-cest-parti-pour-durer-encore-un-peu\/"},"modified":"2026-05-01T01:12:54","modified_gmt":"2026-04-30T23:12:54","slug":"volkswagen-id-3-une-revanche-inattendue-et-cest-parti-pour-durer-encore-un-peu","status":"publish","type":"post","link":"https:\/\/www.evearly.news\/fr\/volkswagen-id-3-une-revanche-inattendue-et-cest-parti-pour-durer-encore-un-peu\/","title":{"rendered":"Volkswagen ID.3 : une revanche inattendue, et c&rsquo;est parti pour durer encore un peu"},"content":{"rendered":"<div class=\"media_block\"><img decoding=\"async\" src=\"https:\/\/www.evearly.news\/fr\/wp-content\/uploads\/sites\/6\/2026\/05\/volkswagen-id-3-une-revanche-inattendue-et-cest-parti-pour-durer-encore-un-peu.jpg\"><\/div>\n<p>Longtemps critiqu\u00e9e pour ses d\u00e9buts chaotiques, la Volkswagen ID.3 vient pourtant de prendre la t\u00eate du parc \u00e9lectrique allemand. Avec plus de 116 000 exemplaires en circulation d\u00e9but 2026, elle d\u00e9passe d\u00e9sormais le Tesla Model Y. Et il n&rsquo;y a pas qu&rsquo;en Allemagne qu&rsquo;elle se porte bien. Une revanche inattendue pour ce mod\u00e8le cl\u00e9 de la strat\u00e9gie \u00e9lectrique du groupe, qui souligne aussi qu&rsquo;un constructeur qui corrige le tir, m\u00eame avec du retard, peut faire d&rsquo;un mod\u00e8le d\u00e9cevant \u00e0 la base une machine r\u00e9ussie et \u00e0 succ\u00e8s par la suite. <a href=https:\/\/www.automobile-magazine.fr\/voitures-electriques\/article\/51782-volkswagen-id3-une-revanche-inattendue-et-cest-parti-pour-durer-encore-un-peu alt='automobile magazine' target='blank'>Lire la suite&#8230;<\/a><\/p>\n","protected":false},"excerpt":{"rendered":"<div class=\"media_block\"><img decoding=\"async\" src=\"https:\/\/www.evearly.news\/fr\/wp-content\/uploads\/sites\/6\/2026\/05\/volkswagen-id-3-une-revanche-inattendue-et-cest-parti-pour-durer-encore-un-peu.jpg\"><\/div>\n<p> <a class=\"continue-reading-link\" href=\"https:\/\/www.evearly.news\/fr\/volkswagen-id-3-une-revanche-inattendue-et-cest-parti-pour-durer-encore-un-peu\/\"><\/a><\/p>\n","protected":false},"author":7,"featured_media":321729,"comment_status":"closed","ping_status":"open","sticky":false,"template":"Default","format":"standard","meta":{"footnotes":""},"categories":[7],"tags":[],"class_list":["post-321728","post","type-post","status-publish","format-standard","has-post-thumbnail","hentry","category-automobile-magazine"],"_links":{"self":[{"href":"https:\/\/www.evearly.news\/fr\/wp-json\/wp\/v2\/posts\/321728","targetHints":{"allow":["GET"]}}],"collection":[{"href":"https:\/\/www.evearly.news\/fr\/wp-json\/wp\/v2\/posts"}],"about":[{"href":"https:\/\/www.evearly.news\/fr\/wp-json\/wp\/v2\/types\/post"}],"author":[{"embeddable":true,"href":"https:\/\/www.evearly.news\/fr\/wp-json\/wp\/v2\/users\/7"}],"replies":[{"embeddable":true,"href":"https:\/\/www.evearly.news\/fr\/wp-json\/wp\/v2\/comments?post=321728"}],"version-history":[{"count":0,"href":"https:\/\/www.evearly.news\/fr\/wp-json\/wp\/v2\/posts\/321728\/revisions"}],"wp:featuredmedia":[{"embeddable":true,"href":"https:\/\/www.evearly.news\/fr\/wp-json\/wp\/v2\/media\/321729"}],"wp:attachment":[{"href":"https:\/\/www.evearly.news\/fr\/wp-json\/wp\/v2\/media?parent=321728"}],"wp:term":[{"taxonomy":"category","embeddable":true,"href":"https:\/\/www.evearly.news\/fr\/wp-json\/wp\/v2\/categories?post=321728"},{"taxonomy":"post_tag","embeddable":true,"href":"https:\/\/www.evearly.news\/fr\/wp-json\/wp\/v2\/tags?post=321728"}],"curies":[{"name":"wp","href":"https:\/\/api.w.org\/{rel}","templated":true}]}}