{"id":321730,"date":"2026-05-01T09:01:51","date_gmt":"2026-05-01T07:01:51","guid":{"rendered":"https:\/\/www.evearly.news\/fr\/essai-opel-astra-phev-2026-une-grosse-mise-a-jour-qui-change-tout\/"},"modified":"2026-05-01T09:01:51","modified_gmt":"2026-05-01T07:01:51","slug":"essai-opel-astra-phev-2026-une-grosse-mise-a-jour-qui-change-tout","status":"publish","type":"post","link":"https:\/\/www.evearly.news\/fr\/essai-opel-astra-phev-2026-une-grosse-mise-a-jour-qui-change-tout\/","title":{"rendered":"Essai Opel Astra PHEV 2026 : une grosse mise-\u00e0-jour qui change tout ?"},"content":{"rendered":"<p><img decoding=\"async\" width=\"500\" height=\"333\" src=\"https:\/\/www.evearly.news\/fr\/wp-content\/uploads\/sites\/6\/2026\/05\/essai-opel-astra-phev-2026-une-grosse-mise-a-jour-qui-change-tout.jpg\" class=\"attachment-1200x800 size-1200x800 wp-post-image\" alt=\"Un restylage assez discret pour l'Opel Astra PHEV\" loading=\"lazy\" srcset=\"https:\/\/www.evearly.news\/fr\/wp-content\/uploads\/sites\/6\/2026\/05\/essai-opel-astra-phev-2026-une-grosse-mise-a-jour-qui-change-tout.jpg 1536w, https:\/\/www.evearly.news\/fr\/wp-content\/uploads\/sites\/6\/2026\/05\/essai-opel-astra-phev-2026-une-grosse-mise-a-jour-qui-change-tout-1.jpg 1640w, https:\/\/www.evearly.news\/fr\/wp-content\/uploads\/sites\/6\/2026\/05\/essai-opel-astra-phev-2026-une-grosse-mise-a-jour-qui-change-tout-2.jpg 1024w, https:\/\/www.evearly.news\/fr\/wp-content\/uploads\/sites\/6\/2026\/05\/essai-opel-astra-phev-2026-une-grosse-mise-a-jour-qui-change-tout-3.jpg 140w, https:\/\/www.evearly.news\/fr\/wp-content\/uploads\/sites\/6\/2026\/05\/essai-opel-astra-phev-2026-une-grosse-mise-a-jour-qui-change-tout-4.jpg 768w, https:\/\/www.evearly.news\/fr\/wp-content\/uploads\/sites\/6\/2026\/05\/essai-opel-astra-phev-2026-une-grosse-mise-a-jour-qui-change-tout-5.jpg 700w, https:\/\/www.evearly.news\/fr\/wp-content\/uploads\/sites\/6\/2026\/05\/essai-opel-astra-phev-2026-une-grosse-mise-a-jour-qui-change-tout-6.jpg 960w, https:\/\/www.evearly.news\/fr\/wp-content\/uploads\/sites\/6\/2026\/05\/essai-opel-astra-phev-2026-une-grosse-mise-a-jour-qui-change-tout-7.jpg 100w, https:\/\/cdn.automobile-propre.com\/uploads\/2026\/04\/@Nass-M.-Essai-Opel-Astra-PHEV-1.jpg 2000w\" sizes=\"auto, (max-width: 1200px) 100vw, 1200px\" \/><br \/>\nApr\u00e8s le break \u00e9lectrique, la berline PHEV. Au programme : une mise \u00e0 jour visuelle, un meilleur confort, et une\u2026\u00a0<a href=https:\/\/www.automobile-propre.com\/articles\/essai-opel-astra-phev-2026-une-grosse-mise-a-jour-qui-change-tout\/ target='bwindow'>Lire la suite&#8230;<\/a><\/p>\n","protected":false},"excerpt":{"rendered":"<p>&#8230; <a class=\"continue-reading-link\" href=\"https:\/\/www.evearly.news\/fr\/essai-opel-astra-phev-2026-une-grosse-mise-a-jour-qui-change-tout\/\"><\/a><\/p>\n","protected":false},"author":8,"featured_media":321731,"comment_status":"closed","ping_status":"open","sticky":false,"template":"Default","format":"standard","meta":{"footnotes":""},"categories":[8],"tags":[],"class_list":["post-321730","post","type-post","status-publish","format-standard","has-post-thumbnail","hentry","category-automobile-propre"],"_links":{"self":[{"href":"https:\/\/www.evearly.news\/fr\/wp-json\/wp\/v2\/posts\/321730","targetHints":{"allow":["GET"]}}],"collection":[{"href":"https:\/\/www.evearly.news\/fr\/wp-json\/wp\/v2\/posts"}],"about":[{"href":"https:\/\/www.evearly.news\/fr\/wp-json\/wp\/v2\/types\/post"}],"author":[{"embeddable":true,"href":"https:\/\/www.evearly.news\/fr\/wp-json\/wp\/v2\/users\/8"}],"replies":[{"embeddable":true,"href":"https:\/\/www.evearly.news\/fr\/wp-json\/wp\/v2\/comments?post=321730"}],"version-history":[{"count":0,"href":"https:\/\/www.evearly.news\/fr\/wp-json\/wp\/v2\/posts\/321730\/revisions"}],"wp:featuredmedia":[{"embeddable":true,"href":"https:\/\/www.evearly.news\/fr\/wp-json\/wp\/v2\/media\/321731"}],"wp:attachment":[{"href":"https:\/\/www.evearly.news\/fr\/wp-json\/wp\/v2\/media?parent=321730"}],"wp:term":[{"taxonomy":"category","embeddable":true,"href":"https:\/\/www.evearly.news\/fr\/wp-json\/wp\/v2\/categories?post=321730"},{"taxonomy":"post_tag","embeddable":true,"href":"https:\/\/www.evearly.news\/fr\/wp-json\/wp\/v2\/tags?post=321730"}],"curies":[{"name":"wp","href":"https:\/\/api.w.org\/{rel}","templated":true}]}}