{"id":321736,"date":"2026-05-01T11:03:00","date_gmt":"2026-05-01T09:03:00","guid":{"rendered":"https:\/\/www.evearly.news\/fr\/apres-les-voitures-autonomes-uber-compte-aussi-sattaquer-a-la-recharge-electrique\/"},"modified":"2026-05-01T11:03:00","modified_gmt":"2026-05-01T09:03:00","slug":"apres-les-voitures-autonomes-uber-compte-aussi-sattaquer-a-la-recharge-electrique","status":"publish","type":"post","link":"https:\/\/www.evearly.news\/fr\/apres-les-voitures-autonomes-uber-compte-aussi-sattaquer-a-la-recharge-electrique\/","title":{"rendered":"Apr\u00e8s les voitures autonomes, Uber compte aussi s\u2019attaquer \u00e0 la recharge \u00e9lectrique"},"content":{"rendered":"<p><img decoding=\"async\" width=\"500\" height=\"333\" src=\"https:\/\/www.evearly.news\/fr\/wp-content\/uploads\/sites\/6\/2026\/05\/apres-les-voitures-autonomes-uber-compte-aussi-sattaquer-a-la-recharge-electrique.webp\" class=\"attachment-1200x800 size-1200x800 wp-post-image\" alt=\"\" loading=\"lazy\" srcset=\"https:\/\/www.evearly.news\/fr\/wp-content\/uploads\/sites\/6\/2026\/05\/apres-les-voitures-autonomes-uber-compte-aussi-sattaquer-a-la-recharge-electrique.webp 1534w, https:\/\/www.evearly.news\/fr\/wp-content\/uploads\/sites\/6\/2026\/05\/apres-les-voitures-autonomes-uber-compte-aussi-sattaquer-a-la-recharge-electrique-1.webp 1024w, https:\/\/www.evearly.news\/fr\/wp-content\/uploads\/sites\/6\/2026\/05\/apres-les-voitures-autonomes-uber-compte-aussi-sattaquer-a-la-recharge-electrique-2.webp 768w, https:\/\/www.evearly.news\/fr\/wp-content\/uploads\/sites\/6\/2026\/05\/apres-les-voitures-autonomes-uber-compte-aussi-sattaquer-a-la-recharge-electrique-3.webp 622w, https:\/\/cdn.automobile-propre.com\/uploads\/2026\/04\/lucid-stories-lucid-nuro-uber-hero-mobile-960x720.webp 960w\" sizes=\"auto, (max-width: 1066px) 100vw, 1066px\" \/><br \/>\nVous pensiez qu&rsquo;Uber \u00e9tait hors-jeu dans la course \u00e0 l&rsquo;\u00e9lectromobilit\u00e9 ? D\u00e9trompez-vous ! En plus de s&rsquo;int\u00e9resser tr\u00e8s s\u00e9rieusement aux\u2026\u00a0<a href=https:\/\/www.automobile-propre.com\/articles\/apres-les-voitures-autonomes-uber-compte-aussi-sattaquer-a-la-recharge-electrique\/ target='bwindow'>Lire la suite&#8230;<\/a><\/p>\n","protected":false},"excerpt":{"rendered":"<p>&#8230; <a class=\"continue-reading-link\" href=\"https:\/\/www.evearly.news\/fr\/apres-les-voitures-autonomes-uber-compte-aussi-sattaquer-a-la-recharge-electrique\/\"><\/a><\/p>\n","protected":false},"author":8,"featured_media":321737,"comment_status":"closed","ping_status":"open","sticky":false,"template":"Default","format":"standard","meta":{"footnotes":""},"categories":[8],"tags":[],"class_list":["post-321736","post","type-post","status-publish","format-standard","has-post-thumbnail","hentry","category-automobile-propre"],"_links":{"self":[{"href":"https:\/\/www.evearly.news\/fr\/wp-json\/wp\/v2\/posts\/321736","targetHints":{"allow":["GET"]}}],"collection":[{"href":"https:\/\/www.evearly.news\/fr\/wp-json\/wp\/v2\/posts"}],"about":[{"href":"https:\/\/www.evearly.news\/fr\/wp-json\/wp\/v2\/types\/post"}],"author":[{"embeddable":true,"href":"https:\/\/www.evearly.news\/fr\/wp-json\/wp\/v2\/users\/8"}],"replies":[{"embeddable":true,"href":"https:\/\/www.evearly.news\/fr\/wp-json\/wp\/v2\/comments?post=321736"}],"version-history":[{"count":0,"href":"https:\/\/www.evearly.news\/fr\/wp-json\/wp\/v2\/posts\/321736\/revisions"}],"wp:featuredmedia":[{"embeddable":true,"href":"https:\/\/www.evearly.news\/fr\/wp-json\/wp\/v2\/media\/321737"}],"wp:attachment":[{"href":"https:\/\/www.evearly.news\/fr\/wp-json\/wp\/v2\/media?parent=321736"}],"wp:term":[{"taxonomy":"category","embeddable":true,"href":"https:\/\/www.evearly.news\/fr\/wp-json\/wp\/v2\/categories?post=321736"},{"taxonomy":"post_tag","embeddable":true,"href":"https:\/\/www.evearly.news\/fr\/wp-json\/wp\/v2\/tags?post=321736"}],"curies":[{"name":"wp","href":"https:\/\/api.w.org\/{rel}","templated":true}]}}