{"id":321738,"date":"2026-05-01T12:00:05","date_gmt":"2026-05-01T10:00:05","guid":{"rendered":"https:\/\/www.evearly.news\/fr\/dreame-nebula-next-01-jet-edition-quand-un-fabricant-daspirateurs-se-lance-dans-la-voiture-electrique-a-moteurs-de-fusee\/"},"modified":"2026-05-01T12:00:05","modified_gmt":"2026-05-01T10:00:05","slug":"dreame-nebula-next-01-jet-edition-quand-un-fabricant-daspirateurs-se-lance-dans-la-voiture-electrique-a-moteurs-de-fusee","status":"publish","type":"post","link":"https:\/\/www.evearly.news\/fr\/dreame-nebula-next-01-jet-edition-quand-un-fabricant-daspirateurs-se-lance-dans-la-voiture-electrique-a-moteurs-de-fusee\/","title":{"rendered":"Dreame Nebula Next 01 Jet Edition : quand un fabricant d\u2019aspirateurs se lance dans la voiture \u00e9lectrique \u00e0 moteurs de fus\u00e9e"},"content":{"rendered":"<p><img decoding=\"async\" src=\"https:\/\/www.evearly.news\/fr\/wp-content\/uploads\/sites\/6\/2026\/05\/dreame-nebula-next-01-jet-edition-quand-un-fabricant-daspirateurs-se-lance-dans-la-voiture-electrique-a-moteurs-de-fusee.webp\" alt=\"auto-moto\"><br \/>Sp\u00e9cialis\u00e9 dans les aspirateurs derni\u00e8re g\u00e9n\u00e9ration, Dreame se lance dans l\u2019automobile \u00e0 la mani\u00e8re de Xiaomi avant lui. La jeune marque a d\u00e9voil\u00e9 cette semaine un prototype de sa supercar \u00e9lectrique Nebula Next 01 \u00e9quip\u00e9e de r\u00e9acteurs de fus\u00e9e ! Alors, \u00e9cran de fum\u00e9e ou vraie r\u00e9volution ? <a href=https:\/\/www.auto-moto.com\/electrique\/dreame-nebula-jet-74005 target=blank>Lire la suite&#8230;<\/a><\/p>\n","protected":false},"excerpt":{"rendered":"<p>Sp\u00e9cialis\u00e9 dans les aspirateurs derni\u00e8re g\u00e9n\u00e9ration, Dreame se lance dans l\u2019automobile \u00e0 la mani\u00e8re de Xiaomi avant lui. La jeune marque a d\u00e9voil\u00e9 cette semaine un prototype de sa supercar \u00e9lectrique Nebula Next 01 \u00e9quip\u00e9e de r\u00e9acteurs de fus\u00e9e ! Alors, \u00e9cran de fum\u00e9e ou vraie r\u00e9volution ?&#8230; <a class=\"continue-reading-link\" href=\"https:\/\/www.evearly.news\/fr\/dreame-nebula-next-01-jet-edition-quand-un-fabricant-daspirateurs-se-lance-dans-la-voiture-electrique-a-moteurs-de-fusee\/\"><\/a><\/p>\n","protected":false},"author":9,"featured_media":321739,"comment_status":"closed","ping_status":"open","sticky":false,"template":"Default","format":"standard","meta":{"footnotes":""},"categories":[10],"tags":[],"class_list":["post-321738","post","type-post","status-publish","format-standard","has-post-thumbnail","hentry","category-auto-moto-com"],"_links":{"self":[{"href":"https:\/\/www.evearly.news\/fr\/wp-json\/wp\/v2\/posts\/321738","targetHints":{"allow":["GET"]}}],"collection":[{"href":"https:\/\/www.evearly.news\/fr\/wp-json\/wp\/v2\/posts"}],"about":[{"href":"https:\/\/www.evearly.news\/fr\/wp-json\/wp\/v2\/types\/post"}],"author":[{"embeddable":true,"href":"https:\/\/www.evearly.news\/fr\/wp-json\/wp\/v2\/users\/9"}],"replies":[{"embeddable":true,"href":"https:\/\/www.evearly.news\/fr\/wp-json\/wp\/v2\/comments?post=321738"}],"version-history":[{"count":0,"href":"https:\/\/www.evearly.news\/fr\/wp-json\/wp\/v2\/posts\/321738\/revisions"}],"wp:featuredmedia":[{"embeddable":true,"href":"https:\/\/www.evearly.news\/fr\/wp-json\/wp\/v2\/media\/321739"}],"wp:attachment":[{"href":"https:\/\/www.evearly.news\/fr\/wp-json\/wp\/v2\/media?parent=321738"}],"wp:term":[{"taxonomy":"category","embeddable":true,"href":"https:\/\/www.evearly.news\/fr\/wp-json\/wp\/v2\/categories?post=321738"},{"taxonomy":"post_tag","embeddable":true,"href":"https:\/\/www.evearly.news\/fr\/wp-json\/wp\/v2\/tags?post=321738"}],"curies":[{"name":"wp","href":"https:\/\/api.w.org\/{rel}","templated":true}]}}