{"id":321744,"date":"2026-05-01T12:16:49","date_gmt":"2026-05-01T10:16:49","guid":{"rendered":"https:\/\/www.evearly.news\/fr\/actualite-volkswagen-id-polo-la-citadine-electrique-qui-a-de-quoi-bouleverser-la-r5\/"},"modified":"2026-05-01T12:16:49","modified_gmt":"2026-05-01T10:16:49","slug":"actualite-volkswagen-id-polo-la-citadine-electrique-qui-a-de-quoi-bouleverser-la-r5","status":"publish","type":"post","link":"https:\/\/www.evearly.news\/fr\/actualite-volkswagen-id-polo-la-citadine-electrique-qui-a-de-quoi-bouleverser-la-r5\/","title":{"rendered":"Actualit\u00e9 : Volkswagen ID. Polo : la citadine \u00e9lectrique qui a de quoi bouleverser la R5"},"content":{"rendered":"<p><img src='https:\/\/www.evearly.news\/fr\/wp-content\/uploads\/sites\/6\/2026\/05\/actualite-volkswagen-id-polo-la-citadine-electrique-qui-a-de-quoi-bouleverser-la-r5.jpg' alt='Les Num\u00e9riques' \/>Volkswagen lance enfin l&rsquo;ID. Polo, qui d\u00e9coule du concept ID.2. Cette citadine \u00e9lectrique polyvalente d\u00e9marre sous la barre des 25 000 \u20ac et est \u00e9ligible \u00e0 la prime coup de pouce, comme la Renault 5 E-Tech. <a href=https:\/\/www.lesnumeriques.com\/voiture-electrique\/volkswagen-id-polo-la-citadine-electrique-qui-a-de-quoi-bouleverser-la-r5-n255135.html target='blank'>Lire la suite&#8230;<\/a><\/p>\n","protected":false},"excerpt":{"rendered":"<p>Volkswagen lance enfin l&rsquo;ID. Polo, qui d\u00e9coule du concept ID.2. Cette citadine \u00e9lectrique polyvalente d\u00e9marre sous la barre des 25 000 \u20ac et est \u00e9ligible \u00e0 la prime coup de pouce,&#8230; <a class=\"continue-reading-link\" href=\"https:\/\/www.evearly.news\/fr\/actualite-volkswagen-id-polo-la-citadine-electrique-qui-a-de-quoi-bouleverser-la-r5\/\"><\/a><\/p>\n","protected":false},"author":15,"featured_media":321745,"comment_status":"closed","ping_status":"open","sticky":false,"template":"Default","format":"standard","meta":{"footnotes":""},"categories":[16],"tags":[],"class_list":["post-321744","post","type-post","status-publish","format-standard","has-post-thumbnail","hentry","category-lesnumeriques"],"_links":{"self":[{"href":"https:\/\/www.evearly.news\/fr\/wp-json\/wp\/v2\/posts\/321744","targetHints":{"allow":["GET"]}}],"collection":[{"href":"https:\/\/www.evearly.news\/fr\/wp-json\/wp\/v2\/posts"}],"about":[{"href":"https:\/\/www.evearly.news\/fr\/wp-json\/wp\/v2\/types\/post"}],"author":[{"embeddable":true,"href":"https:\/\/www.evearly.news\/fr\/wp-json\/wp\/v2\/users\/15"}],"replies":[{"embeddable":true,"href":"https:\/\/www.evearly.news\/fr\/wp-json\/wp\/v2\/comments?post=321744"}],"version-history":[{"count":0,"href":"https:\/\/www.evearly.news\/fr\/wp-json\/wp\/v2\/posts\/321744\/revisions"}],"wp:featuredmedia":[{"embeddable":true,"href":"https:\/\/www.evearly.news\/fr\/wp-json\/wp\/v2\/media\/321745"}],"wp:attachment":[{"href":"https:\/\/www.evearly.news\/fr\/wp-json\/wp\/v2\/media?parent=321744"}],"wp:term":[{"taxonomy":"category","embeddable":true,"href":"https:\/\/www.evearly.news\/fr\/wp-json\/wp\/v2\/categories?post=321744"},{"taxonomy":"post_tag","embeddable":true,"href":"https:\/\/www.evearly.news\/fr\/wp-json\/wp\/v2\/tags?post=321744"}],"curies":[{"name":"wp","href":"https:\/\/api.w.org\/{rel}","templated":true}]}}