{"id":321746,"date":"2026-05-01T12:18:09","date_gmt":"2026-05-01T10:18:09","guid":{"rendered":"https:\/\/www.evearly.news\/fr\/cest-presque-le-triple-du-prix-honda-et-le-pari-un-peu-fou-de-la-moto-electrique-interview\/"},"modified":"2026-05-01T12:18:09","modified_gmt":"2026-05-01T10:18:09","slug":"cest-presque-le-triple-du-prix-honda-et-le-pari-un-peu-fou-de-la-moto-electrique-interview","status":"publish","type":"post","link":"https:\/\/www.evearly.news\/fr\/cest-presque-le-triple-du-prix-honda-et-le-pari-un-peu-fou-de-la-moto-electrique-interview\/","title":{"rendered":"\u00ab\u00a0C\u2019est presque le triple du prix\u00a0\u00bb : Honda et le pari un peu fou de la moto \u00e9lectrique (Interview)"},"content":{"rendered":"<p><img width=\"1920\" height=\"1280\" src=\"https:\/\/www.evearly.news\/fr\/wp-content\/uploads\/sites\/6\/2026\/05\/cest-presque-le-triple-du-prix-honda-et-le-pari-un-peu-fou-de-la-moto-electrique-interview.jpg\" class=\"attachment-full size-full wp-post-image\" alt=\"Honda Moto Elec\" decoding=\"async\" loading=\"lazy\" srcset=\"https:\/\/www.evearly.news\/fr\/wp-content\/uploads\/sites\/6\/2026\/05\/cest-presque-le-triple-du-prix-honda-et-le-pari-un-peu-fou-de-la-moto-electrique-interview.jpg 1920w, https:\/\/www.evearly.news\/fr\/wp-content\/uploads\/sites\/6\/2026\/05\/cest-presque-le-triple-du-prix-honda-et-le-pari-un-peu-fou-de-la-moto-electrique-interview-1.jpg 384w, https:\/\/www.evearly.news\/fr\/wp-content\/uploads\/sites\/6\/2026\/05\/cest-presque-le-triple-du-prix-honda-et-le-pari-un-peu-fou-de-la-moto-electrique-interview-2.jpg 880w, https:\/\/www.evearly.news\/fr\/wp-content\/uploads\/sites\/6\/2026\/05\/cest-presque-le-triple-du-prix-honda-et-le-pari-un-peu-fou-de-la-moto-electrique-interview-3.jpg 50w, https:\/\/www.evearly.news\/fr\/wp-content\/uploads\/sites\/6\/2026\/05\/cest-presque-le-triple-du-prix-honda-et-le-pari-un-peu-fou-de-la-moto-electrique-interview-4.jpg 640w, https:\/\/www.evearly.news\/fr\/wp-content\/uploads\/sites\/6\/2026\/05\/cest-presque-le-triple-du-prix-honda-et-le-pari-un-peu-fou-de-la-moto-electrique-interview-5.jpg 1280w, https:\/\/www.presse-citron.net\/app\/uploads\/2026\/04\/honda-moto-elec-1632x1088.jpg 1632w\" sizes=\"auto, (max-width: 1920px) 100vw, 1920px\"><\/p>\n<p>Honda lance la WN7, sa premi\u00e8re moto \u00e9lectrique, alors que le march\u00e9 fran\u00e7ais est en recul de 20% par an. Fr\u00e9d\u00e9ric Puybareaud, directeur de la division moto chez Honda France, nous a expliqu\u00e9 pourquoi le leader fran\u00e7ais de la moto tentait ce pari un peu fou.<a href=\"https:\/\/www.presse-citron.net\/presque-triple-prix-honda-pari-risque-moto-electrique\/\" target=blank> Lire la suite&#8230;<\/a><\/p>\n","protected":false},"excerpt":{"rendered":"<p>Honda lance la WN7, sa premi\u00e8re moto \u00e9lectrique, alors que le march\u00e9 fran\u00e7ais est en recul de 20% par an. Fr\u00e9d\u00e9ric Puybareaud, directeur de la division moto chez Honda France, nous a expliqu\u00e9 pourquoi le leader fran\u00e7ais de la moto tentait ce pari un peu fou&#8230;. <a class=\"continue-reading-link\" href=\"https:\/\/www.evearly.news\/fr\/cest-presque-le-triple-du-prix-honda-et-le-pari-un-peu-fou-de-la-moto-electrique-interview\/\"><\/a><\/p>\n","protected":false},"author":18,"featured_media":321747,"comment_status":"closed","ping_status":"open","sticky":false,"template":"Default","format":"standard","meta":{"footnotes":""},"categories":[19],"tags":[],"class_list":["post-321746","post","type-post","status-publish","format-standard","has-post-thumbnail","hentry","category-presse-citron"],"_links":{"self":[{"href":"https:\/\/www.evearly.news\/fr\/wp-json\/wp\/v2\/posts\/321746","targetHints":{"allow":["GET"]}}],"collection":[{"href":"https:\/\/www.evearly.news\/fr\/wp-json\/wp\/v2\/posts"}],"about":[{"href":"https:\/\/www.evearly.news\/fr\/wp-json\/wp\/v2\/types\/post"}],"author":[{"embeddable":true,"href":"https:\/\/www.evearly.news\/fr\/wp-json\/wp\/v2\/users\/18"}],"replies":[{"embeddable":true,"href":"https:\/\/www.evearly.news\/fr\/wp-json\/wp\/v2\/comments?post=321746"}],"version-history":[{"count":0,"href":"https:\/\/www.evearly.news\/fr\/wp-json\/wp\/v2\/posts\/321746\/revisions"}],"wp:featuredmedia":[{"embeddable":true,"href":"https:\/\/www.evearly.news\/fr\/wp-json\/wp\/v2\/media\/321747"}],"wp:attachment":[{"href":"https:\/\/www.evearly.news\/fr\/wp-json\/wp\/v2\/media?parent=321746"}],"wp:term":[{"taxonomy":"category","embeddable":true,"href":"https:\/\/www.evearly.news\/fr\/wp-json\/wp\/v2\/categories?post=321746"},{"taxonomy":"post_tag","embeddable":true,"href":"https:\/\/www.evearly.news\/fr\/wp-json\/wp\/v2\/tags?post=321746"}],"curies":[{"name":"wp","href":"https:\/\/api.w.org\/{rel}","templated":true}]}}