{"id":321748,"date":"2026-05-01T12:18:44","date_gmt":"2026-05-01T10:18:44","guid":{"rendered":"https:\/\/www.evearly.news\/fr\/jai-traverse-la-france-en-citroen-e-c5-aircross-en-seulement-2-arrets-et-voici-comment-jai-fait\/"},"modified":"2026-05-01T12:18:44","modified_gmt":"2026-05-01T10:18:44","slug":"jai-traverse-la-france-en-citroen-e-c5-aircross-en-seulement-2-arrets-et-voici-comment-jai-fait","status":"publish","type":"post","link":"https:\/\/www.evearly.news\/fr\/jai-traverse-la-france-en-citroen-e-c5-aircross-en-seulement-2-arrets-et-voici-comment-jai-fait\/","title":{"rendered":"J\u2019ai travers\u00e9 la France en Citro\u00ebn \u00eb-C5 Aircross en seulement 2 arr\u00eats et voici comment j\u2019ai fait"},"content":{"rendered":"<p><img width=\"1200\" height=\"675\" src=\"https:\/\/www.evearly.news\/fr\/wp-content\/uploads\/sites\/6\/2026\/05\/jai-traverse-la-france-en-citroen-e-c5-aircross-en-seulement-2-arrets-et-voici-comment-jai-fait.jpg\" class=\"attachment-full size-full wp-post-image\" alt=\"\" decoding=\"async\" loading=\"lazy\" \/<br \/>\nOn entend tout et son contraire concernant les voitures \u00e9lectriques. Mais si un discours revient r\u00e9guli\u00e8rement, c\u2019est qu\u2019elles ne sont pas faites pour les longs trajets. Vraiment ? J\u2019ai travers\u00e9 la France au volant du Citro\u00ebn \u00eb-C5 Aircross Grande Autonomie en seulement deux arr\u00eats de recharge. Voici mon r\u00e9cit !<br \/>\n <a href=https:\/\/www.frandroid.com\/marques\/citroen\/3033789_jai-traverse-la-france-en-citroen-e-c5-aircross-en-seulement-2-arrets-et-voici-comment-jai-fait target='bwindow'>Lire la suite&#8230;<\/a><\/p>\n","protected":false},"excerpt":{"rendered":"<p>&lt;img width=&quot;1200&quot; height=&quot;675&quot; src=&quot;https:\/\/www.evearly.news\/fr\/wp-content\/uploads\/sites\/6\/2026\/05\/jai-traverse-la-france-en-citroen-e-c5-aircross-en-seulement-2-arrets-et-voici-comment-jai-fait.jpg&quot; class=&quot;attachment-full size-full wp-post-image&quot; alt=&quot;&quot; decoding=&quot;async&quot; loading=&quot;lazy&quot; \/<br \/>\nOn entend tout et son contraire concernant les voitures \u00e9lectriques. Mais si un discours revient r\u00e9guli\u00e8rement, c\u2019est qu\u2019elles ne sont pas faites pour les longs trajets. Vraiment ? J\u2019ai travers\u00e9 la France au volant du Citro\u00ebn \u00eb-C5 Aircross Grande Autonomie en seulement deux arr\u00eats de recharge. Voici mon r\u00e9cit !\n<\/p>\n<p> <a class=\"continue-reading-link\" href=\"https:\/\/www.evearly.news\/fr\/jai-traverse-la-france-en-citroen-e-c5-aircross-en-seulement-2-arrets-et-voici-comment-jai-fait\/\"><\/a><\/p>\n","protected":false},"author":6,"featured_media":321749,"comment_status":"closed","ping_status":"open","sticky":false,"template":"Default","format":"standard","meta":{"footnotes":""},"categories":[14],"tags":[],"class_list":["post-321748","post","type-post","status-publish","format-standard","has-post-thumbnail","hentry","category-frandroid"],"_links":{"self":[{"href":"https:\/\/www.evearly.news\/fr\/wp-json\/wp\/v2\/posts\/321748","targetHints":{"allow":["GET"]}}],"collection":[{"href":"https:\/\/www.evearly.news\/fr\/wp-json\/wp\/v2\/posts"}],"about":[{"href":"https:\/\/www.evearly.news\/fr\/wp-json\/wp\/v2\/types\/post"}],"author":[{"embeddable":true,"href":"https:\/\/www.evearly.news\/fr\/wp-json\/wp\/v2\/users\/6"}],"replies":[{"embeddable":true,"href":"https:\/\/www.evearly.news\/fr\/wp-json\/wp\/v2\/comments?post=321748"}],"version-history":[{"count":0,"href":"https:\/\/www.evearly.news\/fr\/wp-json\/wp\/v2\/posts\/321748\/revisions"}],"wp:featuredmedia":[{"embeddable":true,"href":"https:\/\/www.evearly.news\/fr\/wp-json\/wp\/v2\/media\/321749"}],"wp:attachment":[{"href":"https:\/\/www.evearly.news\/fr\/wp-json\/wp\/v2\/media?parent=321748"}],"wp:term":[{"taxonomy":"category","embeddable":true,"href":"https:\/\/www.evearly.news\/fr\/wp-json\/wp\/v2\/categories?post=321748"},{"taxonomy":"post_tag","embeddable":true,"href":"https:\/\/www.evearly.news\/fr\/wp-json\/wp\/v2\/tags?post=321748"}],"curies":[{"name":"wp","href":"https:\/\/api.w.org\/{rel}","templated":true}]}}