{"id":321750,"date":"2026-05-01T13:00:05","date_gmt":"2026-05-01T11:00:05","guid":{"rendered":"https:\/\/www.evearly.news\/fr\/commandes-ouvertes-pour-la-citroen-ami-rip-curl\/"},"modified":"2026-05-01T13:00:05","modified_gmt":"2026-05-01T11:00:05","slug":"commandes-ouvertes-pour-la-citroen-ami-rip-curl","status":"publish","type":"post","link":"https:\/\/www.evearly.news\/fr\/commandes-ouvertes-pour-la-citroen-ami-rip-curl\/","title":{"rendered":"Commandes ouvertes pour la Citro\u00ebn Ami Rip Curl"},"content":{"rendered":"<p><img width=\"1000\" height=\"563\" src=\"https:\/\/www.evearly.news\/fr\/wp-content\/uploads\/sites\/6\/2026\/05\/commandes-ouvertes-pour-la-citroen-ami-rip-curl.jpg\" class=\"attachment-post-thumbnail size-post-thumbnail wp-post-image\" alt=\"S\u00e9rie limit\u00e9e Rip Curl de la Citro\u00ebn Ami\" decoding=\"async\" fetchpriority=\"high\" srcset=\"https:\/\/www.evearly.news\/fr\/wp-content\/uploads\/sites\/6\/2026\/05\/commandes-ouvertes-pour-la-citroen-ami-rip-curl.jpg 1000w, https:\/\/www.evearly.news\/fr\/wp-content\/uploads\/sites\/6\/2026\/05\/commandes-ouvertes-pour-la-citroen-ami-rip-curl-1.jpg 300w, https:\/\/www.evearly.news\/fr\/wp-content\/uploads\/sites\/6\/2026\/05\/commandes-ouvertes-pour-la-citroen-ami-rip-curl-2.jpg 998w, https:\/\/www.avem.fr\/wp-content\/uploads\/2026\/05\/ACTG0501_AmiCurl-768x432.jpg 768w\" sizes=\"(max-width: 1000px) 100vw, 1000px\" \/>Apr\u00e8s avoir pr\u00e9sent\u00e9 en octobre 2025 le concept de Citro\u00ebn Ami r\u00e9alis\u00e9 dans le cadre d\u2019un partenariat avec la marque Rip Curl, voici le mod\u00e8le commercialis\u00e9 en une petite s\u00e9rie de 1 600 exemplaires. \u00a0 Moins audacieux Ceux qui aiment glisser sur les vagues connaissent sans doute bien Rip Curl [\u2026] <a href=https:\/\/www.avem.fr\/2026\/05\/01\/commandes-ouvertes-pour-la-citroen-ami-rip-curl\/ target=blank>Lire la suite&#8230;<\/a><\/p>\n","protected":false},"excerpt":{"rendered":"<p><img loading=\"lazy\" decoding=\"async\" width=\"1000\" height=\"563\" src=\"https:\/\/www.evearly.news\/fr\/wp-content\/uploads\/sites\/6\/2026\/05\/commandes-ouvertes-pour-la-citroen-ami-rip-curl.jpg\" class=\"attachment-post-thumbnail size-post-thumbnail wp-post-image\" alt=\"S\u00e9rie limit\u00e9e Rip Curl de la Citro\u00ebn Ami\" \/>Apr\u00e8s avoir pr\u00e9sent\u00e9 en octobre 2025 le concept de Citro\u00ebn Ami r\u00e9alis\u00e9 dans le cadre d\u2019un partenariat avec la marque Rip Curl, voici le mod\u00e8le commercialis\u00e9 en une petite s\u00e9rie de 1 600 exemplaires. \u00a0 Moins audacieux Ceux qui aiment glisser sur les vagues connaissent sans doute bien Rip Curl [\u2026] <a class=\"continue-reading-link\" href=\"https:\/\/www.evearly.news\/fr\/commandes-ouvertes-pour-la-citroen-ami-rip-curl\/\"><\/a><\/p>\n","protected":false},"author":3,"featured_media":321751,"comment_status":"closed","ping_status":"open","sticky":false,"template":"Default","format":"standard","meta":{"footnotes":""},"categories":[3],"tags":[],"class_list":["post-321750","post","type-post","status-publish","format-standard","has-post-thumbnail","hentry","category-avem"],"_links":{"self":[{"href":"https:\/\/www.evearly.news\/fr\/wp-json\/wp\/v2\/posts\/321750","targetHints":{"allow":["GET"]}}],"collection":[{"href":"https:\/\/www.evearly.news\/fr\/wp-json\/wp\/v2\/posts"}],"about":[{"href":"https:\/\/www.evearly.news\/fr\/wp-json\/wp\/v2\/types\/post"}],"author":[{"embeddable":true,"href":"https:\/\/www.evearly.news\/fr\/wp-json\/wp\/v2\/users\/3"}],"replies":[{"embeddable":true,"href":"https:\/\/www.evearly.news\/fr\/wp-json\/wp\/v2\/comments?post=321750"}],"version-history":[{"count":0,"href":"https:\/\/www.evearly.news\/fr\/wp-json\/wp\/v2\/posts\/321750\/revisions"}],"wp:featuredmedia":[{"embeddable":true,"href":"https:\/\/www.evearly.news\/fr\/wp-json\/wp\/v2\/media\/321751"}],"wp:attachment":[{"href":"https:\/\/www.evearly.news\/fr\/wp-json\/wp\/v2\/media?parent=321750"}],"wp:term":[{"taxonomy":"category","embeddable":true,"href":"https:\/\/www.evearly.news\/fr\/wp-json\/wp\/v2\/categories?post=321750"},{"taxonomy":"post_tag","embeddable":true,"href":"https:\/\/www.evearly.news\/fr\/wp-json\/wp\/v2\/tags?post=321750"}],"curies":[{"name":"wp","href":"https:\/\/api.w.org\/{rel}","templated":true}]}}