{"id":321758,"date":"2026-05-01T14:08:13","date_gmt":"2026-05-01T12:08:13","guid":{"rendered":"https:\/\/www.evearly.news\/fr\/cette-petite-voiture-electrique-sans-permis-francaise-pourrait-faire-de-lombre-a-la-citroen-ami\/"},"modified":"2026-05-01T14:08:13","modified_gmt":"2026-05-01T12:08:13","slug":"cette-petite-voiture-electrique-sans-permis-francaise-pourrait-faire-de-lombre-a-la-citroen-ami","status":"publish","type":"post","link":"https:\/\/www.evearly.news\/fr\/cette-petite-voiture-electrique-sans-permis-francaise-pourrait-faire-de-lombre-a-la-citroen-ami\/","title":{"rendered":"Cette petite voiture \u00e9lectrique sans permis fran\u00e7aise pourrait faire de l\u2019ombre \u00e0 la Citro\u00ebn Ami"},"content":{"rendered":"<p><img loading=\"lazy\" width=\"1200\" height=\"675\" src=\"https:\/\/www.evearly.news\/fr\/wp-content\/uploads\/sites\/6\/2026\/05\/cette-petite-voiture-electrique-sans-permis-francaise-pourrait-faire-de-lombre-a-la-citroen-ami.jpg\" class=\"attachment-full size-full wp-post-image\" alt=\"\" decoding=\"async\" \/<br \/>\nTout juste lanc\u00e9e, la jeune marque fran\u00e7aise Ipop Automobiles d\u00e9voile sa premi\u00e8re voiture \u00e9lectrique. Il s\u2019agit plus pr\u00e9cis\u00e9ment d\u2019un petit quadricyle, produit en France et qui chasse directement sur les terres de la Citro\u00ebn Ami.<br \/>\n <a href=https:\/\/www.frandroid.com\/survoltes\/voitures-electriques\/3085863_cette-petite-voiture-electrique-sans-permis-francaise-pourrait-faire-de-lombre-a-la-citroen-ami target='bwindow'>Lire la suite&#8230;<\/a><\/p>\n","protected":false},"excerpt":{"rendered":"<p>&lt;img width=&quot;1200&quot; height=&quot;675&quot; src=&quot;https:\/\/www.evearly.news\/fr\/wp-content\/uploads\/sites\/6\/2026\/05\/cette-petite-voiture-electrique-sans-permis-francaise-pourrait-faire-de-lombre-a-la-citroen-ami.jpg&quot; class=&quot;attachment-full size-full wp-post-image&quot; alt=&quot;&quot; decoding=&quot;async&quot; \/<br \/>\nTout juste lanc\u00e9e, la jeune marque fran\u00e7aise Ipop Automobiles d\u00e9voile sa premi\u00e8re voiture \u00e9lectrique. Il s\u2019agit plus pr\u00e9cis\u00e9ment d\u2019un petit quadricyle, produit en France et qui chasse directement sur les terres de la Citro\u00ebn Ami.\n<\/p>\n<p> <a class=\"continue-reading-link\" href=\"https:\/\/www.evearly.news\/fr\/cette-petite-voiture-electrique-sans-permis-francaise-pourrait-faire-de-lombre-a-la-citroen-ami\/\"><\/a><\/p>\n","protected":false},"author":6,"featured_media":321759,"comment_status":"closed","ping_status":"open","sticky":false,"template":"Default","format":"standard","meta":{"footnotes":""},"categories":[14],"tags":[],"class_list":["post-321758","post","type-post","status-publish","format-standard","has-post-thumbnail","hentry","category-frandroid"],"_links":{"self":[{"href":"https:\/\/www.evearly.news\/fr\/wp-json\/wp\/v2\/posts\/321758","targetHints":{"allow":["GET"]}}],"collection":[{"href":"https:\/\/www.evearly.news\/fr\/wp-json\/wp\/v2\/posts"}],"about":[{"href":"https:\/\/www.evearly.news\/fr\/wp-json\/wp\/v2\/types\/post"}],"author":[{"embeddable":true,"href":"https:\/\/www.evearly.news\/fr\/wp-json\/wp\/v2\/users\/6"}],"replies":[{"embeddable":true,"href":"https:\/\/www.evearly.news\/fr\/wp-json\/wp\/v2\/comments?post=321758"}],"version-history":[{"count":0,"href":"https:\/\/www.evearly.news\/fr\/wp-json\/wp\/v2\/posts\/321758\/revisions"}],"wp:featuredmedia":[{"embeddable":true,"href":"https:\/\/www.evearly.news\/fr\/wp-json\/wp\/v2\/media\/321759"}],"wp:attachment":[{"href":"https:\/\/www.evearly.news\/fr\/wp-json\/wp\/v2\/media?parent=321758"}],"wp:term":[{"taxonomy":"category","embeddable":true,"href":"https:\/\/www.evearly.news\/fr\/wp-json\/wp\/v2\/categories?post=321758"},{"taxonomy":"post_tag","embeddable":true,"href":"https:\/\/www.evearly.news\/fr\/wp-json\/wp\/v2\/tags?post=321758"}],"curies":[{"name":"wp","href":"https:\/\/api.w.org\/{rel}","templated":true}]}}