{"id":321760,"date":"2026-05-01T16:02:58","date_gmt":"2026-05-01T14:02:58","guid":{"rendered":"https:\/\/www.evearly.news\/fr\/ventes-de-voitures-electriques-en-avril-la-renault-5-reprend-la-tete-le-scenic-passe-devant-le-tesla-model-y\/"},"modified":"2026-05-01T16:02:58","modified_gmt":"2026-05-01T14:02:58","slug":"ventes-de-voitures-electriques-en-avril-la-renault-5-reprend-la-tete-le-scenic-passe-devant-le-tesla-model-y","status":"publish","type":"post","link":"https:\/\/www.evearly.news\/fr\/ventes-de-voitures-electriques-en-avril-la-renault-5-reprend-la-tete-le-scenic-passe-devant-le-tesla-model-y\/","title":{"rendered":"Ventes de voitures \u00e9lectriques en avril : la Renault 5 reprend la t\u00eate, le Sc\u00e9nic passe devant le Tesla Model Y"},"content":{"rendered":"<p><img decoding=\"async\" width=\"500\" height=\"333\" src=\"https:\/\/www.evearly.news\/fr\/wp-content\/uploads\/sites\/6\/2026\/05\/ventes-de-voitures-electriques-en-avril-la-renault-5-reprend-la-tete-le-scenic-passe-devant-le-tesla-model-y.jpg\" class=\"attachment-1200x800 size-1200x800 wp-post-image\" alt=\"\" loading=\"lazy\" srcset=\"https:\/\/www.evearly.news\/fr\/wp-content\/uploads\/sites\/6\/2026\/05\/ventes-de-voitures-electriques-en-avril-la-renault-5-reprend-la-tete-le-scenic-passe-devant-le-tesla-model-y.jpg 1920w, https:\/\/www.evearly.news\/fr\/wp-content\/uploads\/sites\/6\/2026\/05\/ventes-de-voitures-electriques-en-avril-la-renault-5-reprend-la-tete-le-scenic-passe-devant-le-tesla-model-y-1.jpg 1640w, https:\/\/www.evearly.news\/fr\/wp-content\/uploads\/sites\/6\/2026\/05\/ventes-de-voitures-electriques-en-avril-la-renault-5-reprend-la-tete-le-scenic-passe-devant-le-tesla-model-y-2.jpg 1024w, https:\/\/www.evearly.news\/fr\/wp-content\/uploads\/sites\/6\/2026\/05\/ventes-de-voitures-electriques-en-avril-la-renault-5-reprend-la-tete-le-scenic-passe-devant-le-tesla-model-y-3.jpg 768w, https:\/\/www.evearly.news\/fr\/wp-content\/uploads\/sites\/6\/2026\/05\/ventes-de-voitures-electriques-en-avril-la-renault-5-reprend-la-tete-le-scenic-passe-devant-le-tesla-model-y-4.jpg 1536w, https:\/\/cdn.automobile-propre.com\/uploads\/2025\/08\/Renault-Scenic-e-tech-2025-SUV-electrique-1-620x349.jpg 620w\" sizes=\"auto, (max-width: 1200px) 100vw, 1200px\" \/><br \/>\nLes ventes de voitures \u00e9lectriques ont augment\u00e9 de plus de 40 % en avril. Deux Renault occupent la t\u00eate du\u2026\u00a0<a href=https:\/\/www.automobile-propre.com\/articles\/ventes-de-voitures-electriques-en-avril-la-renault-5-reprend-la-tete-le-scenic-passe-devant-le-tesla-model-y\/ target='bwindow'>Lire la suite&#8230;<\/a><\/p>\n","protected":false},"excerpt":{"rendered":"<p>&#8230; <a class=\"continue-reading-link\" href=\"https:\/\/www.evearly.news\/fr\/ventes-de-voitures-electriques-en-avril-la-renault-5-reprend-la-tete-le-scenic-passe-devant-le-tesla-model-y\/\"><\/a><\/p>\n","protected":false},"author":8,"featured_media":321761,"comment_status":"closed","ping_status":"open","sticky":false,"template":"Default","format":"standard","meta":{"footnotes":""},"categories":[8],"tags":[],"class_list":["post-321760","post","type-post","status-publish","format-standard","has-post-thumbnail","hentry","category-automobile-propre"],"_links":{"self":[{"href":"https:\/\/www.evearly.news\/fr\/wp-json\/wp\/v2\/posts\/321760","targetHints":{"allow":["GET"]}}],"collection":[{"href":"https:\/\/www.evearly.news\/fr\/wp-json\/wp\/v2\/posts"}],"about":[{"href":"https:\/\/www.evearly.news\/fr\/wp-json\/wp\/v2\/types\/post"}],"author":[{"embeddable":true,"href":"https:\/\/www.evearly.news\/fr\/wp-json\/wp\/v2\/users\/8"}],"replies":[{"embeddable":true,"href":"https:\/\/www.evearly.news\/fr\/wp-json\/wp\/v2\/comments?post=321760"}],"version-history":[{"count":0,"href":"https:\/\/www.evearly.news\/fr\/wp-json\/wp\/v2\/posts\/321760\/revisions"}],"wp:featuredmedia":[{"embeddable":true,"href":"https:\/\/www.evearly.news\/fr\/wp-json\/wp\/v2\/media\/321761"}],"wp:attachment":[{"href":"https:\/\/www.evearly.news\/fr\/wp-json\/wp\/v2\/media?parent=321760"}],"wp:term":[{"taxonomy":"category","embeddable":true,"href":"https:\/\/www.evearly.news\/fr\/wp-json\/wp\/v2\/categories?post=321760"},{"taxonomy":"post_tag","embeddable":true,"href":"https:\/\/www.evearly.news\/fr\/wp-json\/wp\/v2\/tags?post=321760"}],"curies":[{"name":"wp","href":"https:\/\/api.w.org\/{rel}","templated":true}]}}