{"id":321775,"date":"2026-05-01T23:18:27","date_gmt":"2026-05-01T21:18:27","guid":{"rendered":"https:\/\/www.evearly.news\/fr\/cette-mini-voiture-francaise-montre-que-le-sans-permis-ne-vise-plus-seulement-les-ados\/"},"modified":"2026-05-01T23:18:27","modified_gmt":"2026-05-01T21:18:27","slug":"cette-mini-voiture-francaise-montre-que-le-sans-permis-ne-vise-plus-seulement-les-ados","status":"publish","type":"post","link":"https:\/\/www.evearly.news\/fr\/cette-mini-voiture-francaise-montre-que-le-sans-permis-ne-vise-plus-seulement-les-ados\/","title":{"rendered":"Cette mini-voiture fran\u00e7aise montre que le sans-permis ne vise plus seulement les ados"},"content":{"rendered":"<div class=\"media_block\"><img decoding=\"async\" src=\"https:\/\/www.evearly.news\/fr\/wp-content\/uploads\/sites\/6\/2026\/05\/cette-mini-voiture-francaise-montre-que-le-sans-permis-ne-vise-plus-seulement-les-ados.jpg\"><\/div>\n<p>La voiture sans permis ne se contente plus de viser les jeunes de 14 ans. Avec l\u2019Ipop, nouveau quadricycle \u00e9lectrique assembl\u00e9 en Alsace, l\u2019ambition est d\u2019aller plus loin et de toucher aussi les m\u00e9nages, les professionnels et les trajets du quotidien. Derri\u00e8re ce petit v\u00e9hicule fran\u00e7ais se cache peut \u00eatre une mutation avec une voiturette qui cherche d\u00e9sormais \u00e0 devenir une vraie seconde voiture.\u00a0 <a href=https:\/\/www.automobile-magazine.fr\/voitures-electriques\/article\/51790-cette-mini-voiture-francaise-montre-que-le-sans-permis-ne-vise-plus-seulement-les-ados alt='automobile magazine' target='blank'>Lire la suite&#8230;<\/a><\/p>\n","protected":false},"excerpt":{"rendered":"<div class=\"media_block\"><img decoding=\"async\" src=\"https:\/\/www.evearly.news\/fr\/wp-content\/uploads\/sites\/6\/2026\/05\/cette-mini-voiture-francaise-montre-que-le-sans-permis-ne-vise-plus-seulement-les-ados.jpg\"><\/div>\n<p> <a class=\"continue-reading-link\" href=\"https:\/\/www.evearly.news\/fr\/cette-mini-voiture-francaise-montre-que-le-sans-permis-ne-vise-plus-seulement-les-ados\/\"><\/a><\/p>\n","protected":false},"author":7,"featured_media":321776,"comment_status":"closed","ping_status":"open","sticky":false,"template":"Default","format":"standard","meta":{"footnotes":""},"categories":[7],"tags":[],"class_list":["post-321775","post","type-post","status-publish","format-standard","has-post-thumbnail","hentry","category-automobile-magazine"],"_links":{"self":[{"href":"https:\/\/www.evearly.news\/fr\/wp-json\/wp\/v2\/posts\/321775","targetHints":{"allow":["GET"]}}],"collection":[{"href":"https:\/\/www.evearly.news\/fr\/wp-json\/wp\/v2\/posts"}],"about":[{"href":"https:\/\/www.evearly.news\/fr\/wp-json\/wp\/v2\/types\/post"}],"author":[{"embeddable":true,"href":"https:\/\/www.evearly.news\/fr\/wp-json\/wp\/v2\/users\/7"}],"replies":[{"embeddable":true,"href":"https:\/\/www.evearly.news\/fr\/wp-json\/wp\/v2\/comments?post=321775"}],"version-history":[{"count":0,"href":"https:\/\/www.evearly.news\/fr\/wp-json\/wp\/v2\/posts\/321775\/revisions"}],"wp:featuredmedia":[{"embeddable":true,"href":"https:\/\/www.evearly.news\/fr\/wp-json\/wp\/v2\/media\/321776"}],"wp:attachment":[{"href":"https:\/\/www.evearly.news\/fr\/wp-json\/wp\/v2\/media?parent=321775"}],"wp:term":[{"taxonomy":"category","embeddable":true,"href":"https:\/\/www.evearly.news\/fr\/wp-json\/wp\/v2\/categories?post=321775"},{"taxonomy":"post_tag","embeddable":true,"href":"https:\/\/www.evearly.news\/fr\/wp-json\/wp\/v2\/tags?post=321775"}],"curies":[{"name":"wp","href":"https:\/\/api.w.org\/{rel}","templated":true}]}}