{"id":321826,"date":"2026-05-03T09:00:00","date_gmt":"2026-05-03T07:00:00","guid":{"rendered":"https:\/\/www.evearly.news\/fr\/essai-genesis-gv60-a-t-il-la-moindre-chance-face-aux-stars-allemandes-audi-q4-e-tron-sportback-et-bmw-ix2\/"},"modified":"2026-05-03T09:00:00","modified_gmt":"2026-05-03T07:00:00","slug":"essai-genesis-gv60-a-t-il-la-moindre-chance-face-aux-stars-allemandes-audi-q4-e-tron-sportback-et-bmw-ix2","status":"publish","type":"post","link":"https:\/\/www.evearly.news\/fr\/essai-genesis-gv60-a-t-il-la-moindre-chance-face-aux-stars-allemandes-audi-q4-e-tron-sportback-et-bmw-ix2\/","title":{"rendered":"Essai Genesis GV60\u00a0: a-t-il la moindre chance face aux stars allemandes\u00a0Audi Q4 e-Tron Sportback et BMW iX2 ?"},"content":{"rendered":"<p><img decoding=\"async\" src=\"https:\/\/www.evearly.news\/fr\/wp-content\/uploads\/sites\/6\/2026\/05\/essai-genesis-gv60-a-t-il-la-moindre-chance-face-aux-stars-allemandes-audi-q4-e-tron-sportback-et-bmw-ix2.jpg\" alt=\"caradisiac\" \n><br \/>Malgr\u00e9 plus de 10 d\u2019existence, la marque Genesis nous est encore inconnue. Cette division \u00ab\u00a0premium\u00a0\u00bb de Hyundai se lance cette ann\u00e9e officiellement en France avec trois mod\u00e8les, dont le GV60, un SUV coup\u00e9 compact 100\u00a0% \u00e9lectrique. Peut-il faire de l\u2019ombre aux r\u00e9f\u00e9rences allemandes\u00a0? Voici la r\u00e9ponse, apr\u00e8s l\u2019essai de la version d\u2019entr\u00e9e de gamme Pure. <a href=https:\/\/www.caradisiac.com\/essai-genesis-gv60-a-t-il-la-moindre-chance-face-aux-stars-allemandes-audi-q4-e-tron-sportback-et-bmw-ix2-221779.htm#xtor=RSS-40 target=blank>Lire la suite&#8230;<\/a><\/p>\n","protected":false},"excerpt":{"rendered":"<p><img decoding=\"async\" src=\"https:\/\/www.evearly.news\/fr\/wp-content\/uploads\/sites\/6\/2026\/05\/essai-genesis-gv60-a-t-il-la-moindre-chance-face-aux-stars-allemandes-audi-q4-e-tron-sportback-et-bmw-ix2.jpg\" alt=\"caradisiac\"><br \/>Malgr\u00e9 plus de 10 d\u2019existence, la marque Genesis nous est encore inconnue. Cette division \u00ab\u00a0premium\u00a0\u00bb de Hyundai se lance cette ann\u00e9e officiellement en France avec trois mod\u00e8les, dont le GV60, un SUV coup\u00e9 compact 100\u00a0% \u00e9lectrique. Peut-il faire de l\u2019ombre aux r\u00e9f\u00e9rences allemandes\u00a0? Voici la r\u00e9ponse, apr\u00e8s l\u2019essai de la version d\u2019entr\u00e9e de gamme Pure.<\/p>\n<p> <a class=\"continue-reading-link\" href=\"https:\/\/www.evearly.news\/fr\/essai-genesis-gv60-a-t-il-la-moindre-chance-face-aux-stars-allemandes-audi-q4-e-tron-sportback-et-bmw-ix2\/\"><\/a><\/p>\n","protected":false},"author":11,"featured_media":321827,"comment_status":"closed","ping_status":"open","sticky":false,"template":"Default","format":"standard","meta":{"footnotes":""},"categories":[11],"tags":[],"class_list":["post-321826","post","type-post","status-publish","format-standard","has-post-thumbnail","hentry","category-caradisiac"],"_links":{"self":[{"href":"https:\/\/www.evearly.news\/fr\/wp-json\/wp\/v2\/posts\/321826","targetHints":{"allow":["GET"]}}],"collection":[{"href":"https:\/\/www.evearly.news\/fr\/wp-json\/wp\/v2\/posts"}],"about":[{"href":"https:\/\/www.evearly.news\/fr\/wp-json\/wp\/v2\/types\/post"}],"author":[{"embeddable":true,"href":"https:\/\/www.evearly.news\/fr\/wp-json\/wp\/v2\/users\/11"}],"replies":[{"embeddable":true,"href":"https:\/\/www.evearly.news\/fr\/wp-json\/wp\/v2\/comments?post=321826"}],"version-history":[{"count":0,"href":"https:\/\/www.evearly.news\/fr\/wp-json\/wp\/v2\/posts\/321826\/revisions"}],"wp:featuredmedia":[{"embeddable":true,"href":"https:\/\/www.evearly.news\/fr\/wp-json\/wp\/v2\/media\/321827"}],"wp:attachment":[{"href":"https:\/\/www.evearly.news\/fr\/wp-json\/wp\/v2\/media?parent=321826"}],"wp:term":[{"taxonomy":"category","embeddable":true,"href":"https:\/\/www.evearly.news\/fr\/wp-json\/wp\/v2\/categories?post=321826"},{"taxonomy":"post_tag","embeddable":true,"href":"https:\/\/www.evearly.news\/fr\/wp-json\/wp\/v2\/tags?post=321826"}],"curies":[{"name":"wp","href":"https:\/\/api.w.org\/{rel}","templated":true}]}}