{"id":321830,"date":"2026-05-03T10:15:24","date_gmt":"2026-05-03T08:15:24","guid":{"rendered":"https:\/\/www.evearly.news\/fr\/le-vehicule-electrique-ideal-pour-la-transition-existe-deja-mais-on-le-meprise\/"},"modified":"2026-05-03T10:15:24","modified_gmt":"2026-05-03T08:15:24","slug":"le-vehicule-electrique-ideal-pour-la-transition-existe-deja-mais-on-le-meprise","status":"publish","type":"post","link":"https:\/\/www.evearly.news\/fr\/le-vehicule-electrique-ideal-pour-la-transition-existe-deja-mais-on-le-meprise\/","title":{"rendered":"Le v\u00e9hicule \u00e9lectrique id\u00e9al pour la transition existe d\u00e9j\u00e0, mais on le m\u00e9prise"},"content":{"rendered":"<p><img loading=\"lazy\" width=\"1200\" height=\"675\" src=\"https:\/\/www.evearly.news\/fr\/wp-content\/uploads\/sites\/6\/2026\/05\/le-vehicule-electrique-ideal-pour-la-transition-existe-deja-mais-on-le-meprise.jpg\" class=\"attachment-full size-full\" alt=\"\" decoding=\"async\" \/><br \/>\nLe v\u00e9hicule le plus coh\u00e9rent de la transition reste marginal. Pas \u00e0 cause d&rsquo;un probl\u00e8me technique, mais d&rsquo;un probl\u00e8me d\u2019ego. La question des quadricycles \u00e9lectriques a \u00e9t\u00e9 au menu de l&rsquo;\u00e9dito de la newsletter Watt Else du 30 avril 2026.<br \/>\n <a href=https:\/\/www.numerama.com\/vroom\/2245739-le-vehicule-electrique-ideal-pour-la-transition-existe-deja-mais-on-le-meprise.html target=bwindow'>Lire la suite&#8230;<\/a><\/p>\n","protected":false},"excerpt":{"rendered":"<p>&#8230; <a class=\"continue-reading-link\" href=\"https:\/\/www.evearly.news\/fr\/le-vehicule-electrique-ideal-pour-la-transition-existe-deja-mais-on-le-meprise\/\"><\/a><\/p>\n","protected":false},"author":16,"featured_media":321831,"comment_status":"closed","ping_status":"open","sticky":false,"template":"Default","format":"standard","meta":{"footnotes":""},"categories":[17],"tags":[],"class_list":["post-321830","post","type-post","status-publish","format-standard","has-post-thumbnail","hentry","category-numerama"],"_links":{"self":[{"href":"https:\/\/www.evearly.news\/fr\/wp-json\/wp\/v2\/posts\/321830","targetHints":{"allow":["GET"]}}],"collection":[{"href":"https:\/\/www.evearly.news\/fr\/wp-json\/wp\/v2\/posts"}],"about":[{"href":"https:\/\/www.evearly.news\/fr\/wp-json\/wp\/v2\/types\/post"}],"author":[{"embeddable":true,"href":"https:\/\/www.evearly.news\/fr\/wp-json\/wp\/v2\/users\/16"}],"replies":[{"embeddable":true,"href":"https:\/\/www.evearly.news\/fr\/wp-json\/wp\/v2\/comments?post=321830"}],"version-history":[{"count":0,"href":"https:\/\/www.evearly.news\/fr\/wp-json\/wp\/v2\/posts\/321830\/revisions"}],"wp:featuredmedia":[{"embeddable":true,"href":"https:\/\/www.evearly.news\/fr\/wp-json\/wp\/v2\/media\/321831"}],"wp:attachment":[{"href":"https:\/\/www.evearly.news\/fr\/wp-json\/wp\/v2\/media?parent=321830"}],"wp:term":[{"taxonomy":"category","embeddable":true,"href":"https:\/\/www.evearly.news\/fr\/wp-json\/wp\/v2\/categories?post=321830"},{"taxonomy":"post_tag","embeddable":true,"href":"https:\/\/www.evearly.news\/fr\/wp-json\/wp\/v2\/tags?post=321830"}],"curies":[{"name":"wp","href":"https:\/\/api.w.org\/{rel}","templated":true}]}}