{"id":321834,"date":"2026-05-03T12:11:09","date_gmt":"2026-05-03T10:11:09","guid":{"rendered":"https:\/\/www.evearly.news\/fr\/on-a-teste-la-peugeot-408-electrique-belle-comme-jamais-mais-toujours-a-la-traine-sur-lessentiel\/"},"modified":"2026-05-03T12:11:09","modified_gmt":"2026-05-03T10:11:09","slug":"on-a-teste-la-peugeot-408-electrique-belle-comme-jamais-mais-toujours-a-la-traine-sur-lessentiel","status":"publish","type":"post","link":"https:\/\/www.evearly.news\/fr\/on-a-teste-la-peugeot-408-electrique-belle-comme-jamais-mais-toujours-a-la-traine-sur-lessentiel\/","title":{"rendered":"On a test\u00e9 la Peugeot 408 \u00e9lectrique\u00a0: belle comme jamais, mais toujours \u00e0 la tra\u00eene sur l\u2019essentiel"},"content":{"rendered":"<p><img width=\"1920\" height=\"1280\" src=\"https:\/\/www.evearly.news\/fr\/wp-content\/uploads\/sites\/6\/2026\/05\/on-a-teste-la-peugeot-408-electrique-belle-comme-jamais-mais-toujours-a-la-traine-sur-lessentiel.jpg\" class=\"attachment-full size-full wp-post-image\" alt=\"Peugeot 408 Electrique (5)\" decoding=\"async\" loading=\"lazy\" srcset=\"https:\/\/www.evearly.news\/fr\/wp-content\/uploads\/sites\/6\/2026\/05\/on-a-teste-la-peugeot-408-electrique-belle-comme-jamais-mais-toujours-a-la-traine-sur-lessentiel.jpg 1920w, https:\/\/www.evearly.news\/fr\/wp-content\/uploads\/sites\/6\/2026\/05\/on-a-teste-la-peugeot-408-electrique-belle-comme-jamais-mais-toujours-a-la-traine-sur-lessentiel-1.jpg 384w, https:\/\/www.evearly.news\/fr\/wp-content\/uploads\/sites\/6\/2026\/05\/on-a-teste-la-peugeot-408-electrique-belle-comme-jamais-mais-toujours-a-la-traine-sur-lessentiel-2.jpg 880w, https:\/\/www.evearly.news\/fr\/wp-content\/uploads\/sites\/6\/2026\/05\/on-a-teste-la-peugeot-408-electrique-belle-comme-jamais-mais-toujours-a-la-traine-sur-lessentiel-3.jpg 50w, https:\/\/www.evearly.news\/fr\/wp-content\/uploads\/sites\/6\/2026\/05\/on-a-teste-la-peugeot-408-electrique-belle-comme-jamais-mais-toujours-a-la-traine-sur-lessentiel-4.jpg 640w, https:\/\/www.evearly.news\/fr\/wp-content\/uploads\/sites\/6\/2026\/05\/on-a-teste-la-peugeot-408-electrique-belle-comme-jamais-mais-toujours-a-la-traine-sur-lessentiel-5.jpg 1280w, https:\/\/www.presse-citron.net\/app\/uploads\/2026\/05\/peugeot-408-electrique-5-1632x1088.jpg 1632w\" sizes=\"auto, (max-width: 1920px) 100vw, 1920px\"><\/p>\n<p>La Peugeot 408 revient \u00e0 la charge avec un restylage transformant son visage. C\u2019est heureux, car le reste des modifications est timide, allant m\u00eame jusqu\u2019\u00e0 une technique strictement inchang\u00e9e pour la version \u00e9lectrique. Audacieux ? V\u00e9rifications.<a href=\"https:\/\/www.presse-citron.net\/on-a-teste-peugeot-408-electrique-belle-comme-jamais-mais-toujours-traine-sur-lessentiel\/\" target=blank> Lire la suite&#8230;<\/a><\/p>\n","protected":false},"excerpt":{"rendered":"<p>La Peugeot 408 revient \u00e0 la charge avec un restylage transformant son visage. C\u2019est heureux, car le reste des modifications est timide, allant m\u00eame jusqu\u2019\u00e0 une technique strictement inchang\u00e9e pour la version \u00e9lectrique. Audacieux ? V\u00e9rifications&#8230;. <a class=\"continue-reading-link\" href=\"https:\/\/www.evearly.news\/fr\/on-a-teste-la-peugeot-408-electrique-belle-comme-jamais-mais-toujours-a-la-traine-sur-lessentiel\/\"><\/a><\/p>\n","protected":false},"author":18,"featured_media":321835,"comment_status":"closed","ping_status":"open","sticky":false,"template":"Default","format":"standard","meta":{"footnotes":""},"categories":[19],"tags":[],"class_list":["post-321834","post","type-post","status-publish","format-standard","has-post-thumbnail","hentry","category-presse-citron"],"_links":{"self":[{"href":"https:\/\/www.evearly.news\/fr\/wp-json\/wp\/v2\/posts\/321834","targetHints":{"allow":["GET"]}}],"collection":[{"href":"https:\/\/www.evearly.news\/fr\/wp-json\/wp\/v2\/posts"}],"about":[{"href":"https:\/\/www.evearly.news\/fr\/wp-json\/wp\/v2\/types\/post"}],"author":[{"embeddable":true,"href":"https:\/\/www.evearly.news\/fr\/wp-json\/wp\/v2\/users\/18"}],"replies":[{"embeddable":true,"href":"https:\/\/www.evearly.news\/fr\/wp-json\/wp\/v2\/comments?post=321834"}],"version-history":[{"count":0,"href":"https:\/\/www.evearly.news\/fr\/wp-json\/wp\/v2\/posts\/321834\/revisions"}],"wp:featuredmedia":[{"embeddable":true,"href":"https:\/\/www.evearly.news\/fr\/wp-json\/wp\/v2\/media\/321835"}],"wp:attachment":[{"href":"https:\/\/www.evearly.news\/fr\/wp-json\/wp\/v2\/media?parent=321834"}],"wp:term":[{"taxonomy":"category","embeddable":true,"href":"https:\/\/www.evearly.news\/fr\/wp-json\/wp\/v2\/categories?post=321834"},{"taxonomy":"post_tag","embeddable":true,"href":"https:\/\/www.evearly.news\/fr\/wp-json\/wp\/v2\/tags?post=321834"}],"curies":[{"name":"wp","href":"https:\/\/api.w.org\/{rel}","templated":true}]}}