{"id":321838,"date":"2026-05-03T15:03:34","date_gmt":"2026-05-03T13:03:34","guid":{"rendered":"https:\/\/www.evearly.news\/fr\/temoignage-ce-jurassien-en-renault-scenic-e-tech-prouve-que-voiture-electrique-et-region-montagneuse-font-bon-menage\/"},"modified":"2026-05-03T15:03:34","modified_gmt":"2026-05-03T13:03:34","slug":"temoignage-ce-jurassien-en-renault-scenic-e-tech-prouve-que-voiture-electrique-et-region-montagneuse-font-bon-menage","status":"publish","type":"post","link":"https:\/\/www.evearly.news\/fr\/temoignage-ce-jurassien-en-renault-scenic-e-tech-prouve-que-voiture-electrique-et-region-montagneuse-font-bon-menage\/","title":{"rendered":"T\u00e9moignage : ce Jurassien en Renault Scenic E-Tech prouve que voiture \u00e9lectrique et r\u00e9gion montagneuse font bon m\u00e9nage"},"content":{"rendered":"<p><img decoding=\"async\" width=\"500\" height=\"333\" src=\"https:\/\/www.evearly.news\/fr\/wp-content\/uploads\/sites\/6\/2026\/05\/temoignage-ce-jurassien-en-renault-scenic-e-tech-prouve-que-voiture-electrique-et-region-montagneuse-font-bon-menage.jpg\" class=\"attachment-1200x800 size-1200x800 wp-post-image\" alt=\"Le Renault Scenic E-Tech de Julien\" loading=\"lazy\" srcset=\"https:\/\/www.evearly.news\/fr\/wp-content\/uploads\/sites\/6\/2026\/05\/temoignage-ce-jurassien-en-renault-scenic-e-tech-prouve-que-voiture-electrique-et-region-montagneuse-font-bon-menage.jpg 1200w, https:\/\/www.evearly.news\/fr\/wp-content\/uploads\/sites\/6\/2026\/05\/temoignage-ce-jurassien-en-renault-scenic-e-tech-prouve-que-voiture-electrique-et-region-montagneuse-font-bon-menage-1.jpg 1024w, https:\/\/www.evearly.news\/fr\/wp-content\/uploads\/sites\/6\/2026\/05\/temoignage-ce-jurassien-en-renault-scenic-e-tech-prouve-que-voiture-electrique-et-region-montagneuse-font-bon-menage-2.jpg 140w, https:\/\/www.evearly.news\/fr\/wp-content\/uploads\/sites\/6\/2026\/05\/temoignage-ce-jurassien-en-renault-scenic-e-tech-prouve-que-voiture-electrique-et-region-montagneuse-font-bon-menage-3.jpg 768w, https:\/\/www.evearly.news\/fr\/wp-content\/uploads\/sites\/6\/2026\/05\/temoignage-ce-jurassien-en-renault-scenic-e-tech-prouve-que-voiture-electrique-et-region-montagneuse-font-bon-menage-4.jpg 700w, https:\/\/www.evearly.news\/fr\/wp-content\/uploads\/sites\/6\/2026\/05\/temoignage-ce-jurassien-en-renault-scenic-e-tech-prouve-que-voiture-electrique-et-region-montagneuse-font-bon-menage-5.jpg 960w, https:\/\/cdn.automobile-propre.com\/uploads\/2026\/04\/APG0430_WMorbScenic-100x66.jpg 100w\" sizes=\"auto, (max-width: 1200px) 100vw, 1200px\" \/><br \/>\nDe fa\u00e7on assez classique, Julien a d\u2019abord pris une \u00e9lectrique en seconde voiture avant d\u2019abandonner le diesel dans le foyer.\u2026\u00a0<a href=https:\/\/www.automobile-propre.com\/articles\/temoignage-ce-jurassien-en-renault-scenic-e-tech-prouve-que-voiture-electrique-et-region-montagneuse-font-bon-menage\/ target='bwindow'>Lire la suite&#8230;<\/a><\/p>\n","protected":false},"excerpt":{"rendered":"<p>&#8230; <a class=\"continue-reading-link\" href=\"https:\/\/www.evearly.news\/fr\/temoignage-ce-jurassien-en-renault-scenic-e-tech-prouve-que-voiture-electrique-et-region-montagneuse-font-bon-menage\/\"><\/a><\/p>\n","protected":false},"author":8,"featured_media":321839,"comment_status":"closed","ping_status":"open","sticky":false,"template":"Default","format":"standard","meta":{"footnotes":""},"categories":[8],"tags":[],"class_list":["post-321838","post","type-post","status-publish","format-standard","has-post-thumbnail","hentry","category-automobile-propre"],"_links":{"self":[{"href":"https:\/\/www.evearly.news\/fr\/wp-json\/wp\/v2\/posts\/321838","targetHints":{"allow":["GET"]}}],"collection":[{"href":"https:\/\/www.evearly.news\/fr\/wp-json\/wp\/v2\/posts"}],"about":[{"href":"https:\/\/www.evearly.news\/fr\/wp-json\/wp\/v2\/types\/post"}],"author":[{"embeddable":true,"href":"https:\/\/www.evearly.news\/fr\/wp-json\/wp\/v2\/users\/8"}],"replies":[{"embeddable":true,"href":"https:\/\/www.evearly.news\/fr\/wp-json\/wp\/v2\/comments?post=321838"}],"version-history":[{"count":0,"href":"https:\/\/www.evearly.news\/fr\/wp-json\/wp\/v2\/posts\/321838\/revisions"}],"wp:featuredmedia":[{"embeddable":true,"href":"https:\/\/www.evearly.news\/fr\/wp-json\/wp\/v2\/media\/321839"}],"wp:attachment":[{"href":"https:\/\/www.evearly.news\/fr\/wp-json\/wp\/v2\/media?parent=321838"}],"wp:term":[{"taxonomy":"category","embeddable":true,"href":"https:\/\/www.evearly.news\/fr\/wp-json\/wp\/v2\/categories?post=321838"},{"taxonomy":"post_tag","embeddable":true,"href":"https:\/\/www.evearly.news\/fr\/wp-json\/wp\/v2\/tags?post=321838"}],"curies":[{"name":"wp","href":"https:\/\/api.w.org\/{rel}","templated":true}]}}