{"id":326582,"date":"2026-07-18T15:10:09","date_gmt":"2026-07-18T13:10:09","guid":{"rendered":"https:\/\/www.evearly.news\/fr\/volvo-ex60-le-suv-electrique-qui-vise-810-km-dautonomie\/"},"modified":"2026-07-24T17:08:46","modified_gmt":"2026-07-24T15:08:46","slug":"volvo-ex60-le-suv-electrique-qui-vise-810-km-dautonomie","status":"publish","type":"post","link":"https:\/\/www.evearly.news\/fr\/volvo-ex60-le-suv-electrique-qui-vise-810-km-dautonomie\/","title":{"rendered":"Volvo EX60 : le SUV \u00e9lectrique qui vise 810 km d\u2019autonomie"},"content":{"rendered":"<p><img decoding=\"async\" src=\"https:\/\/electriquemag.fr\/wp-content\/uploads\/2026\/07\/JPG-Full-TIM_1155_EX60_3Q_FRONT_EX60-hero-crop.webp\" \/><br \/>\nVolvo lance une nouvelle g\u00e9n\u00e9ration de SUV \u00e9lectriques avec l\u2019EX60, appel\u00e9 \u00e0 remplacer le XC60. Le constructeur su\u00e9dois mise sur une architecture in\u00e9dite, baptis\u00e9e SPA3, con\u00e7ue d\u00e8s l\u2019origine pour l\u2019\u00e9lectrique. Selon Volvo, cette nouvelle plateforme l\u00e8ve tous les derniers obstacles au passage \u00e0 l\u2019\u00e9lectrique. Une ambition affich\u00e9e par son PDG H\u00e5kan Samuelsson lors de la pr\u00e9sentation du mod\u00e8le. Une plateforme\u2026 <a href=\"https:\/\/electriquemag.fr\/volvo-ex60-prix-autonomie-fiche-technique\/\" target=\"bwindow\">Lire la suite&#8230;<\/a><\/p>\n","protected":false},"excerpt":{"rendered":"<p>&#8230; <a class=\"continue-reading-link\" href=\"https:\/\/www.evearly.news\/fr\/volvo-ex60-le-suv-electrique-qui-vise-810-km-dautonomie\/\"><\/a><\/p>\n","protected":false},"author":13,"featured_media":0,"comment_status":"closed","ping_status":"open","sticky":false,"template":"Default","format":"standard","meta":{"footnotes":""},"categories":[13],"tags":[],"class_list":["post-326582","post","type-post","status-publish","format-standard","hentry","category-electriquemag"],"_links":{"self":[{"href":"https:\/\/www.evearly.news\/fr\/wp-json\/wp\/v2\/posts\/326582","targetHints":{"allow":["GET"]}}],"collection":[{"href":"https:\/\/www.evearly.news\/fr\/wp-json\/wp\/v2\/posts"}],"about":[{"href":"https:\/\/www.evearly.news\/fr\/wp-json\/wp\/v2\/types\/post"}],"author":[{"embeddable":true,"href":"https:\/\/www.evearly.news\/fr\/wp-json\/wp\/v2\/users\/13"}],"replies":[{"embeddable":true,"href":"https:\/\/www.evearly.news\/fr\/wp-json\/wp\/v2\/comments?post=326582"}],"version-history":[{"count":1,"href":"https:\/\/www.evearly.news\/fr\/wp-json\/wp\/v2\/posts\/326582\/revisions"}],"predecessor-version":[{"id":326890,"href":"https:\/\/www.evearly.news\/fr\/wp-json\/wp\/v2\/posts\/326582\/revisions\/326890"}],"wp:attachment":[{"href":"https:\/\/www.evearly.news\/fr\/wp-json\/wp\/v2\/media?parent=326582"}],"wp:term":[{"taxonomy":"category","embeddable":true,"href":"https:\/\/www.evearly.news\/fr\/wp-json\/wp\/v2\/categories?post=326582"},{"taxonomy":"post_tag","embeddable":true,"href":"https:\/\/www.evearly.news\/fr\/wp-json\/wp\/v2\/tags?post=326582"}],"curies":[{"name":"wp","href":"https:\/\/api.w.org\/{rel}","templated":true}]}}