{"id":328487,"date":"2026-08-31T08:00:05","date_gmt":"2026-08-31T06:00:05","guid":{"rendered":"https:\/\/www.evearly.news\/fr\/renault-peaufine-la-gamme-de-la-r5-e-tech-electric\/"},"modified":"2026-08-31T08:00:05","modified_gmt":"2026-08-31T06:00:05","slug":"renault-peaufine-la-gamme-de-la-r5-e-tech-electric","status":"publish","type":"post","link":"https:\/\/www.evearly.news\/fr\/renault-peaufine-la-gamme-de-la-r5-e-tech-electric\/","title":{"rendered":"Renault peaufine la gamme de la R5 E-Tech electric"},"content":{"rendered":"<p><img width=\"1000\" height=\"563\" src=\"https:\/\/www.evearly.news\/fr\/wp-content\/uploads\/sites\/6\/2026\/08\/renault-peaufine-la-gamme-de-la-r5-e-tech-electric.jpg\" class=\"attachment-post-thumbnail size-post-thumbnail wp-post-image\" alt=\"Gamme Renault 5 E-Tech electric\" decoding=\"async\" fetchpriority=\"high\" srcset=\"https:\/\/www.evearly.news\/fr\/wp-content\/uploads\/sites\/6\/2026\/08\/renault-peaufine-la-gamme-de-la-r5-e-tech-electric.jpg 1000w, https:\/\/www.evearly.news\/fr\/wp-content\/uploads\/sites\/6\/2026\/08\/renault-peaufine-la-gamme-de-la-r5-e-tech-electric-1.jpg 300w, https:\/\/www.evearly.news\/fr\/wp-content\/uploads\/sites\/6\/2026\/08\/renault-peaufine-la-gamme-de-la-r5-e-tech-electric-2.jpg 998w, https:\/\/www.avem.fr\/wp-content\/uploads\/2026\/08\/Nouvelle-gamme-R5-Une-768x432.jpg 768w\" sizes=\"(max-width: 1000px) 100vw, 1000px\" \/>Depuis son lancement, la Renault 5 E-Tech electric rencontre un ind\u00e9niable succ\u00e8s. Elle est actuellement en t\u00eate des ventes de v\u00e9hicules \u00e9lectriques en France et figure au troisi\u00e8me rang en Europe. N\u00e9anmoins, face \u00e0 une concurrence qui s\u2019intensifie sur son segment, Renault a d\u00e9cid\u00e9 de peaufiner la gamme de la [\u2026] <a href=https:\/\/www.avem.fr\/2026\/08\/31\/renault-peaufine-la-gamme-de-la-r5-e-tech-electric\/ target=blank>Lire la suite&#8230;<\/a><\/p>\n","protected":false},"excerpt":{"rendered":"<p><img loading=\"lazy\" decoding=\"async\" width=\"1000\" height=\"563\" src=\"https:\/\/www.evearly.news\/fr\/wp-content\/uploads\/sites\/6\/2026\/08\/renault-peaufine-la-gamme-de-la-r5-e-tech-electric.jpg\" class=\"attachment-post-thumbnail size-post-thumbnail wp-post-image\" alt=\"Gamme Renault 5 E-Tech electric\" \/>Depuis son lancement, la Renault 5 E-Tech electric rencontre un ind\u00e9niable succ\u00e8s. Elle est actuellement en t\u00eate des ventes de v\u00e9hicules \u00e9lectriques en France et figure au troisi\u00e8me rang en Europe. N\u00e9anmoins, face \u00e0 une concurrence qui s\u2019intensifie sur son segment, Renault a d\u00e9cid\u00e9 de peaufiner la gamme de la [\u2026] <a class=\"continue-reading-link\" href=\"https:\/\/www.evearly.news\/fr\/renault-peaufine-la-gamme-de-la-r5-e-tech-electric\/\"><\/a><\/p>\n","protected":false},"author":3,"featured_media":328488,"comment_status":"closed","ping_status":"open","sticky":false,"template":"Default","format":"standard","meta":{"footnotes":""},"categories":[3],"tags":[],"class_list":["post-328487","post","type-post","status-publish","format-standard","has-post-thumbnail","hentry","category-avem"],"_links":{"self":[{"href":"https:\/\/www.evearly.news\/fr\/wp-json\/wp\/v2\/posts\/328487","targetHints":{"allow":["GET"]}}],"collection":[{"href":"https:\/\/www.evearly.news\/fr\/wp-json\/wp\/v2\/posts"}],"about":[{"href":"https:\/\/www.evearly.news\/fr\/wp-json\/wp\/v2\/types\/post"}],"author":[{"embeddable":true,"href":"https:\/\/www.evearly.news\/fr\/wp-json\/wp\/v2\/users\/3"}],"replies":[{"embeddable":true,"href":"https:\/\/www.evearly.news\/fr\/wp-json\/wp\/v2\/comments?post=328487"}],"version-history":[{"count":0,"href":"https:\/\/www.evearly.news\/fr\/wp-json\/wp\/v2\/posts\/328487\/revisions"}],"wp:featuredmedia":[{"embeddable":true,"href":"https:\/\/www.evearly.news\/fr\/wp-json\/wp\/v2\/media\/328488"}],"wp:attachment":[{"href":"https:\/\/www.evearly.news\/fr\/wp-json\/wp\/v2\/media?parent=328487"}],"wp:term":[{"taxonomy":"category","embeddable":true,"href":"https:\/\/www.evearly.news\/fr\/wp-json\/wp\/v2\/categories?post=328487"},{"taxonomy":"post_tag","embeddable":true,"href":"https:\/\/www.evearly.news\/fr\/wp-json\/wp\/v2\/tags?post=328487"}],"curies":[{"name":"wp","href":"https:\/\/api.w.org\/{rel}","templated":true}]}}