{"id":328499,"date":"2026-08-31T10:19:13","date_gmt":"2026-08-31T08:19:13","guid":{"rendered":"https:\/\/www.evearly.news\/fr\/byd-racco-la-technologie-de-cette-kei-car-arrivera-jusquen-europe\/"},"modified":"2026-08-31T10:19:13","modified_gmt":"2026-08-31T08:19:13","slug":"byd-racco-la-technologie-de-cette-kei-car-arrivera-jusquen-europe","status":"publish","type":"post","link":"https:\/\/www.evearly.news\/fr\/byd-racco-la-technologie-de-cette-kei-car-arrivera-jusquen-europe\/","title":{"rendered":"BYD Racco : la technologie de cette kei car arrivera jusqu\u2019en Europe"},"content":{"rendered":"<p><img loading=\"lazy\" width=\"1200\" height=\"675\" src=\"https:\/\/www.evearly.news\/fr\/wp-content\/uploads\/sites\/6\/2026\/08\/byd-racco-la-technologie-de-cette-kei-car-arrivera-jusquen-europe.jpg\" class=\"attachment-full size-full\" alt=\"\" decoding=\"async\" \/><br \/>\nS&rsquo;il est tr\u00e8s peu probable de croiser un jour la BYD Racco et son gabarit cubique sur nos routes, la technologie cach\u00e9e sous sa carrosserie devrait servir de base pour des micro-citadines commercialis\u00e9es en Europe.<br \/>\n <a href=https:\/\/www.numerama.com\/vroom\/2321631-byd-racco-la-technologie-de-cette-kei-car-arrivera-jusquen-europe.html target=bwindow'>Lire la suite&#8230;<\/a><\/p>\n","protected":false},"excerpt":{"rendered":"<p>&#8230; <a class=\"continue-reading-link\" href=\"https:\/\/www.evearly.news\/fr\/byd-racco-la-technologie-de-cette-kei-car-arrivera-jusquen-europe\/\"><\/a><\/p>\n","protected":false},"author":16,"featured_media":328500,"comment_status":"closed","ping_status":"open","sticky":false,"template":"Default","format":"standard","meta":{"footnotes":""},"categories":[17],"tags":[],"class_list":["post-328499","post","type-post","status-publish","format-standard","has-post-thumbnail","hentry","category-numerama"],"_links":{"self":[{"href":"https:\/\/www.evearly.news\/fr\/wp-json\/wp\/v2\/posts\/328499","targetHints":{"allow":["GET"]}}],"collection":[{"href":"https:\/\/www.evearly.news\/fr\/wp-json\/wp\/v2\/posts"}],"about":[{"href":"https:\/\/www.evearly.news\/fr\/wp-json\/wp\/v2\/types\/post"}],"author":[{"embeddable":true,"href":"https:\/\/www.evearly.news\/fr\/wp-json\/wp\/v2\/users\/16"}],"replies":[{"embeddable":true,"href":"https:\/\/www.evearly.news\/fr\/wp-json\/wp\/v2\/comments?post=328499"}],"version-history":[{"count":0,"href":"https:\/\/www.evearly.news\/fr\/wp-json\/wp\/v2\/posts\/328499\/revisions"}],"wp:featuredmedia":[{"embeddable":true,"href":"https:\/\/www.evearly.news\/fr\/wp-json\/wp\/v2\/media\/328500"}],"wp:attachment":[{"href":"https:\/\/www.evearly.news\/fr\/wp-json\/wp\/v2\/media?parent=328499"}],"wp:term":[{"taxonomy":"category","embeddable":true,"href":"https:\/\/www.evearly.news\/fr\/wp-json\/wp\/v2\/categories?post=328499"},{"taxonomy":"post_tag","embeddable":true,"href":"https:\/\/www.evearly.news\/fr\/wp-json\/wp\/v2\/tags?post=328499"}],"curies":[{"name":"wp","href":"https:\/\/api.w.org\/{rel}","templated":true}]}}