{"id":328513,"date":"2026-08-31T16:00:04","date_gmt":"2026-08-31T14:00:04","guid":{"rendered":"https:\/\/www.evearly.news\/fr\/aide-a-lachat-pour-les-vehicules-electriques-doccasion\/"},"modified":"2026-08-31T16:00:04","modified_gmt":"2026-08-31T14:00:04","slug":"aide-a-lachat-pour-les-vehicules-electriques-doccasion","status":"publish","type":"post","link":"https:\/\/www.evearly.news\/fr\/aide-a-lachat-pour-les-vehicules-electriques-doccasion\/","title":{"rendered":"Aide \u00e0 l\u2019achat pour les v\u00e9hicules \u00e9lectriques d\u2019occasion"},"content":{"rendered":"<p><img width=\"1000\" height=\"563\" src=\"https:\/\/www.evearly.news\/fr\/wp-content\/uploads\/sites\/6\/2026\/08\/aide-a-lachat-pour-les-vehicules-electriques-doccasion.jpg\" class=\"attachment-post-thumbnail size-post-thumbnail wp-post-image\" alt=\"Aide \u00e0 l'achat pour les v\u00e9hicules \u00e9lectriques d'occasion\" decoding=\"async\" fetchpriority=\"high\" srcset=\"https:\/\/www.evearly.news\/fr\/wp-content\/uploads\/sites\/6\/2026\/08\/aide-a-lachat-pour-les-vehicules-electriques-doccasion.jpg 1000w, https:\/\/www.evearly.news\/fr\/wp-content\/uploads\/sites\/6\/2026\/08\/aide-a-lachat-pour-les-vehicules-electriques-doccasion-1.jpg 300w, https:\/\/www.evearly.news\/fr\/wp-content\/uploads\/sites\/6\/2026\/08\/aide-a-lachat-pour-les-vehicules-electriques-doccasion-2.jpg 998w, https:\/\/www.avem.fr\/wp-content\/uploads\/2026\/08\/Image-article-1000x563-2-768x432.jpg 768w\" sizes=\"(max-width: 1000px) 100vw, 1000px\" \/>A partir du 1er septembre 2026, un nouveau coup de pouce financier all\u00e8gera la facture des acqu\u00e9reurs de v\u00e9hicules \u00e9lectriques d\u2019occasion. D\u00e9cryptage. Des certificats d\u2019\u00e9conomie d\u2019\u00e9nergie C\u2019est \u00e0 nouveau le dispositif des certificats d\u2019\u00e9conomie d\u2019\u00e9nergie qui est mobilis\u00e9 pour cr\u00e9er cette nouvelle aide financi\u00e8re pour les acqu\u00e9reurs. Ces derniers ne [\u2026] <a href=https:\/\/www.avem.fr\/2026\/08\/31\/aide-a-lachat-pour-les-vehicules-electriques-d-occasion\/ target=blank>Lire la suite&#8230;<\/a><\/p>\n","protected":false},"excerpt":{"rendered":"<p><img loading=\"lazy\" decoding=\"async\" width=\"1000\" height=\"563\" src=\"https:\/\/www.evearly.news\/fr\/wp-content\/uploads\/sites\/6\/2026\/08\/aide-a-lachat-pour-les-vehicules-electriques-doccasion.jpg\" class=\"attachment-post-thumbnail size-post-thumbnail wp-post-image\" alt=\"Aide \u00e0 l&apos;achat pour les v\u00e9hicules \u00e9lectriques d&apos;occasion\" \/>A partir du 1er septembre 2026, un nouveau coup de pouce financier all\u00e8gera la facture des acqu\u00e9reurs de v\u00e9hicules \u00e9lectriques d\u2019occasion. D\u00e9cryptage. Des certificats d\u2019\u00e9conomie d\u2019\u00e9nergie C\u2019est \u00e0 nouveau le dispositif des certificats d\u2019\u00e9conomie d\u2019\u00e9nergie qui est mobilis\u00e9 pour cr\u00e9er cette nouvelle aide financi\u00e8re pour les acqu\u00e9reurs. Ces derniers ne [\u2026] <a class=\"continue-reading-link\" href=\"https:\/\/www.evearly.news\/fr\/aide-a-lachat-pour-les-vehicules-electriques-doccasion\/\"><\/a><\/p>\n","protected":false},"author":3,"featured_media":328514,"comment_status":"closed","ping_status":"open","sticky":false,"template":"Default","format":"standard","meta":{"footnotes":""},"categories":[3],"tags":[],"class_list":["post-328513","post","type-post","status-publish","format-standard","has-post-thumbnail","hentry","category-avem"],"_links":{"self":[{"href":"https:\/\/www.evearly.news\/fr\/wp-json\/wp\/v2\/posts\/328513","targetHints":{"allow":["GET"]}}],"collection":[{"href":"https:\/\/www.evearly.news\/fr\/wp-json\/wp\/v2\/posts"}],"about":[{"href":"https:\/\/www.evearly.news\/fr\/wp-json\/wp\/v2\/types\/post"}],"author":[{"embeddable":true,"href":"https:\/\/www.evearly.news\/fr\/wp-json\/wp\/v2\/users\/3"}],"replies":[{"embeddable":true,"href":"https:\/\/www.evearly.news\/fr\/wp-json\/wp\/v2\/comments?post=328513"}],"version-history":[{"count":0,"href":"https:\/\/www.evearly.news\/fr\/wp-json\/wp\/v2\/posts\/328513\/revisions"}],"wp:featuredmedia":[{"embeddable":true,"href":"https:\/\/www.evearly.news\/fr\/wp-json\/wp\/v2\/media\/328514"}],"wp:attachment":[{"href":"https:\/\/www.evearly.news\/fr\/wp-json\/wp\/v2\/media?parent=328513"}],"wp:term":[{"taxonomy":"category","embeddable":true,"href":"https:\/\/www.evearly.news\/fr\/wp-json\/wp\/v2\/categories?post=328513"},{"taxonomy":"post_tag","embeddable":true,"href":"https:\/\/www.evearly.news\/fr\/wp-json\/wp\/v2\/tags?post=328513"}],"curies":[{"name":"wp","href":"https:\/\/api.w.org\/{rel}","templated":true}]}}