{"id":328530,"date":"2026-08-31T20:16:52","date_gmt":"2026-08-31T18:16:52","guid":{"rendered":"https:\/\/www.evearly.news\/fr\/voiture-electrique-leurope-prepare-un-bonus-reserve-au-made-in-eu\/"},"modified":"2026-08-31T20:16:52","modified_gmt":"2026-08-31T18:16:52","slug":"voiture-electrique-leurope-prepare-un-bonus-reserve-au-made-in-eu","status":"publish","type":"post","link":"https:\/\/www.evearly.news\/fr\/voiture-electrique-leurope-prepare-un-bonus-reserve-au-made-in-eu\/","title":{"rendered":"Voiture \u00e9lectrique : l\u2019Europe pr\u00e9pare un bonus r\u00e9serv\u00e9 au \u00ab Made in EU \u00bb"},"content":{"rendered":"<p><img loading=\"lazy\" width=\"1200\" height=\"675\" src=\"https:\/\/www.evearly.news\/fr\/wp-content\/uploads\/sites\/6\/2026\/08\/voiture-electrique-leurope-prepare-un-bonus-reserve-au-made-in-eu.jpg\" class=\"attachment-full size-full wp-post-image\" alt=\"\" decoding=\"async\" \/<br \/>\nL&rsquo;Allemagne veut r\u00e9server son aide \u00e0 la voiture \u00e9lectrique aux mod\u00e8les assembl\u00e9s dans l&rsquo;Union europ\u00e9enne. Une brique de plus dans le \u00ab\u00a0bonus Made in EU\u00a0\u00bb que Bruxelles pr\u00e9pare, et que P\u00e9kin voit d&rsquo;un tr\u00e8s mauvais \u0153il.<br \/>\n <a href=https:\/\/www.frandroid.com\/survoltes\/voitures-electriques\/3227967_voiture-electrique-leurope-prepare-un-bonus-reserve-au-made-in-eu target='bwindow'>Lire la suite&#8230;<\/a><\/p>\n","protected":false},"excerpt":{"rendered":"<p>&lt;img width=&quot;1200&quot; height=&quot;675&quot; src=&quot;https:\/\/www.evearly.news\/fr\/wp-content\/uploads\/sites\/6\/2026\/08\/voiture-electrique-leurope-prepare-un-bonus-reserve-au-made-in-eu.jpg&quot; class=&quot;attachment-full size-full wp-post-image&quot; alt=&quot;&quot; decoding=&quot;async&quot; \/<br \/>\nL&rsquo;Allemagne veut r\u00e9server son aide \u00e0 la voiture \u00e9lectrique aux mod\u00e8les assembl\u00e9s dans l&rsquo;Union europ\u00e9enne. Une brique de plus dans le \u00ab\u00a0bonus Made in EU\u00a0\u00bb que Bruxelles pr\u00e9pare, et que P\u00e9kin voit d&rsquo;un tr\u00e8s mauvais \u0153il.\n<\/p>\n<p> <a class=\"continue-reading-link\" href=\"https:\/\/www.evearly.news\/fr\/voiture-electrique-leurope-prepare-un-bonus-reserve-au-made-in-eu\/\"><\/a><\/p>\n","protected":false},"author":6,"featured_media":328531,"comment_status":"closed","ping_status":"open","sticky":false,"template":"Default","format":"standard","meta":{"footnotes":""},"categories":[14],"tags":[],"class_list":["post-328530","post","type-post","status-publish","format-standard","has-post-thumbnail","hentry","category-frandroid"],"_links":{"self":[{"href":"https:\/\/www.evearly.news\/fr\/wp-json\/wp\/v2\/posts\/328530","targetHints":{"allow":["GET"]}}],"collection":[{"href":"https:\/\/www.evearly.news\/fr\/wp-json\/wp\/v2\/posts"}],"about":[{"href":"https:\/\/www.evearly.news\/fr\/wp-json\/wp\/v2\/types\/post"}],"author":[{"embeddable":true,"href":"https:\/\/www.evearly.news\/fr\/wp-json\/wp\/v2\/users\/6"}],"replies":[{"embeddable":true,"href":"https:\/\/www.evearly.news\/fr\/wp-json\/wp\/v2\/comments?post=328530"}],"version-history":[{"count":0,"href":"https:\/\/www.evearly.news\/fr\/wp-json\/wp\/v2\/posts\/328530\/revisions"}],"wp:featuredmedia":[{"embeddable":true,"href":"https:\/\/www.evearly.news\/fr\/wp-json\/wp\/v2\/media\/328531"}],"wp:attachment":[{"href":"https:\/\/www.evearly.news\/fr\/wp-json\/wp\/v2\/media?parent=328530"}],"wp:term":[{"taxonomy":"category","embeddable":true,"href":"https:\/\/www.evearly.news\/fr\/wp-json\/wp\/v2\/categories?post=328530"},{"taxonomy":"post_tag","embeddable":true,"href":"https:\/\/www.evearly.news\/fr\/wp-json\/wp\/v2\/tags?post=328530"}],"curies":[{"name":"wp","href":"https:\/\/api.w.org\/{rel}","templated":true}]}}