{"id":328544,"date":"2026-09-01T10:00:04","date_gmt":"2026-09-01T08:00:04","guid":{"rendered":"https:\/\/www.evearly.news\/fr\/le-break-sureleve-electrique-subaru-e-outback-est-dans-les-concessions\/"},"modified":"2026-09-01T10:00:04","modified_gmt":"2026-09-01T08:00:04","slug":"le-break-sureleve-electrique-subaru-e-outback-est-dans-les-concessions","status":"publish","type":"post","link":"https:\/\/www.evearly.news\/fr\/le-break-sureleve-electrique-subaru-e-outback-est-dans-les-concessions\/","title":{"rendered":"Le break sur\u00e9lev\u00e9 \u00e9lectrique Subaru E-Outback est dans les concessions"},"content":{"rendered":"<p><img width=\"1000\" height=\"563\" src=\"https:\/\/www.evearly.news\/fr\/wp-content\/uploads\/sites\/6\/2026\/09\/le-break-sureleve-electrique-subaru-e-outback-est-dans-les-concessions.jpg\" class=\"attachment-post-thumbnail size-post-thumbnail wp-post-image\" alt=\"Break \u00e9lectrique Subaru E-Outback\" decoding=\"async\" fetchpriority=\"high\" srcset=\"https:\/\/www.evearly.news\/fr\/wp-content\/uploads\/sites\/6\/2026\/09\/le-break-sureleve-electrique-subaru-e-outback-est-dans-les-concessions.jpg 1000w, https:\/\/www.evearly.news\/fr\/wp-content\/uploads\/sites\/6\/2026\/09\/le-break-sureleve-electrique-subaru-e-outback-est-dans-les-concessions-1.jpg 300w, https:\/\/www.evearly.news\/fr\/wp-content\/uploads\/sites\/6\/2026\/09\/le-break-sureleve-electrique-subaru-e-outback-est-dans-les-concessions-2.jpg 998w, https:\/\/www.avem.fr\/wp-content\/uploads\/2026\/08\/ACTG0901_Subaru-768x432.jpg 768w\" sizes=\"(max-width: 1000px) 100vw, 1000px\" \/>R\u00e9v\u00e9l\u00e9 en juillet de l\u2019ann\u00e9e derni\u00e8re, le Subaru E-Outback vient d\u2019arriver dans les concessions en France avec une grille tarifaire qui d\u00e9marre \u00e0 52 990 euros. \u00a0 Jusqu\u2019\u00e0 523 km d\u2019autonomie Combien de comparatifs dans la presse automobile pour savoir s\u2019il faut pr\u00e9f\u00e9rer un SUV ou un break ? Subaru [\u2026] <a href=https:\/\/www.avem.fr\/2026\/09\/01\/le-break-sureleve-electrique-subaru-e-outback-est-dans-les-concessions\/ target=blank>Lire la suite&#8230;<\/a><\/p>\n","protected":false},"excerpt":{"rendered":"<p><img loading=\"lazy\" decoding=\"async\" width=\"1000\" height=\"563\" src=\"https:\/\/www.evearly.news\/fr\/wp-content\/uploads\/sites\/6\/2026\/09\/le-break-sureleve-electrique-subaru-e-outback-est-dans-les-concessions.jpg\" class=\"attachment-post-thumbnail size-post-thumbnail wp-post-image\" alt=\"Break \u00e9lectrique Subaru E-Outback\" \/>R\u00e9v\u00e9l\u00e9 en juillet de l\u2019ann\u00e9e derni\u00e8re, le Subaru E-Outback vient d\u2019arriver dans les concessions en France avec une grille tarifaire qui d\u00e9marre \u00e0 52 990 euros. \u00a0 Jusqu\u2019\u00e0 523 km d\u2019autonomie Combien de comparatifs dans la presse automobile pour savoir s\u2019il faut pr\u00e9f\u00e9rer un SUV ou un break ? Subaru [\u2026] <a class=\"continue-reading-link\" href=\"https:\/\/www.evearly.news\/fr\/le-break-sureleve-electrique-subaru-e-outback-est-dans-les-concessions\/\"><\/a><\/p>\n","protected":false},"author":3,"featured_media":328545,"comment_status":"closed","ping_status":"open","sticky":false,"template":"Default","format":"standard","meta":{"footnotes":""},"categories":[3],"tags":[],"class_list":["post-328544","post","type-post","status-publish","format-standard","has-post-thumbnail","hentry","category-avem"],"_links":{"self":[{"href":"https:\/\/www.evearly.news\/fr\/wp-json\/wp\/v2\/posts\/328544","targetHints":{"allow":["GET"]}}],"collection":[{"href":"https:\/\/www.evearly.news\/fr\/wp-json\/wp\/v2\/posts"}],"about":[{"href":"https:\/\/www.evearly.news\/fr\/wp-json\/wp\/v2\/types\/post"}],"author":[{"embeddable":true,"href":"https:\/\/www.evearly.news\/fr\/wp-json\/wp\/v2\/users\/3"}],"replies":[{"embeddable":true,"href":"https:\/\/www.evearly.news\/fr\/wp-json\/wp\/v2\/comments?post=328544"}],"version-history":[{"count":0,"href":"https:\/\/www.evearly.news\/fr\/wp-json\/wp\/v2\/posts\/328544\/revisions"}],"wp:featuredmedia":[{"embeddable":true,"href":"https:\/\/www.evearly.news\/fr\/wp-json\/wp\/v2\/media\/328545"}],"wp:attachment":[{"href":"https:\/\/www.evearly.news\/fr\/wp-json\/wp\/v2\/media?parent=328544"}],"wp:term":[{"taxonomy":"category","embeddable":true,"href":"https:\/\/www.evearly.news\/fr\/wp-json\/wp\/v2\/categories?post=328544"},{"taxonomy":"post_tag","embeddable":true,"href":"https:\/\/www.evearly.news\/fr\/wp-json\/wp\/v2\/tags?post=328544"}],"curies":[{"name":"wp","href":"https:\/\/api.w.org\/{rel}","templated":true}]}}