{"id":328548,"date":"2026-09-01T11:00:05","date_gmt":"2026-09-01T09:00:05","guid":{"rendered":"https:\/\/www.evearly.news\/fr\/marche-auto-aout-2026-lelectrique-bat-encore-des-records-le-tesla-model-y-loin-devant-la-renault-5\/"},"modified":"2026-09-01T11:00:05","modified_gmt":"2026-09-01T09:00:05","slug":"marche-auto-aout-2026-lelectrique-bat-encore-des-records-le-tesla-model-y-loin-devant-la-renault-5","status":"publish","type":"post","link":"https:\/\/www.evearly.news\/fr\/marche-auto-aout-2026-lelectrique-bat-encore-des-records-le-tesla-model-y-loin-devant-la-renault-5\/","title":{"rendered":"March\u00e9 auto ao\u00fbt 2026 : l\u2019\u00e9lectrique bat encore des records, le Tesla Model Y loin devant la Renault 5"},"content":{"rendered":"<p><img decoding=\"async\" width=\"500\" height=\"333\" src=\"https:\/\/www.evearly.news\/fr\/wp-content\/uploads\/sites\/6\/2026\/09\/marche-auto-aout-2026-lelectrique-bat-encore-des-records-le-tesla-model-y-loin-devant-la-renault-5.jpg\" class=\"attachment-1200x800 size-1200x800 wp-post-image\" alt=\"\" loading=\"lazy\" srcset=\"https:\/\/www.evearly.news\/fr\/wp-content\/uploads\/sites\/6\/2026\/09\/marche-auto-aout-2026-lelectrique-bat-encore-des-records-le-tesla-model-y-loin-devant-la-renault-5.jpg 1489w, https:\/\/www.evearly.news\/fr\/wp-content\/uploads\/sites\/6\/2026\/09\/marche-auto-aout-2026-lelectrique-bat-encore-des-records-le-tesla-model-y-loin-devant-la-renault-5-1.jpg 1024w, https:\/\/www.evearly.news\/fr\/wp-content\/uploads\/sites\/6\/2026\/09\/marche-auto-aout-2026-lelectrique-bat-encore-des-records-le-tesla-model-y-loin-devant-la-renault-5-2.jpg 768w, https:\/\/www.evearly.news\/fr\/wp-content\/uploads\/sites\/6\/2026\/09\/marche-auto-aout-2026-lelectrique-bat-encore-des-records-le-tesla-model-y-loin-devant-la-renault-5-3.jpg 700w, https:\/\/cdn.automobile-propre.com\/uploads\/2026\/04\/tesla-model-y-standard-960x567.jpg 960w\" sizes=\"auto, (max-width: 1200px) 100vw, 1200px\" \/><br \/>\nEn ao\u00fbt, l&rsquo;\u00e9lectrique\u00a0\u00e9tait devant tous les autres types de motorisation en France. Le Model Y creuse l&rsquo;\u00e9cart face \u00e0 la\u2026\u00a0<a href=https:\/\/www.automobile-propre.com\/articles\/marche-auto-aout-2026-lelectrique-bat-encore-des-records-le-tesla-model-y-loin-devant-la-renault-5\/ target='bwindow'>Lire la suite&#8230;<\/a><\/p>\n","protected":false},"excerpt":{"rendered":"<p>&#8230; <a class=\"continue-reading-link\" href=\"https:\/\/www.evearly.news\/fr\/marche-auto-aout-2026-lelectrique-bat-encore-des-records-le-tesla-model-y-loin-devant-la-renault-5\/\"><\/a><\/p>\n","protected":false},"author":8,"featured_media":328549,"comment_status":"closed","ping_status":"open","sticky":false,"template":"Default","format":"standard","meta":{"footnotes":""},"categories":[8],"tags":[],"class_list":["post-328548","post","type-post","status-publish","format-standard","has-post-thumbnail","hentry","category-automobile-propre"],"_links":{"self":[{"href":"https:\/\/www.evearly.news\/fr\/wp-json\/wp\/v2\/posts\/328548","targetHints":{"allow":["GET"]}}],"collection":[{"href":"https:\/\/www.evearly.news\/fr\/wp-json\/wp\/v2\/posts"}],"about":[{"href":"https:\/\/www.evearly.news\/fr\/wp-json\/wp\/v2\/types\/post"}],"author":[{"embeddable":true,"href":"https:\/\/www.evearly.news\/fr\/wp-json\/wp\/v2\/users\/8"}],"replies":[{"embeddable":true,"href":"https:\/\/www.evearly.news\/fr\/wp-json\/wp\/v2\/comments?post=328548"}],"version-history":[{"count":0,"href":"https:\/\/www.evearly.news\/fr\/wp-json\/wp\/v2\/posts\/328548\/revisions"}],"wp:featuredmedia":[{"embeddable":true,"href":"https:\/\/www.evearly.news\/fr\/wp-json\/wp\/v2\/media\/328549"}],"wp:attachment":[{"href":"https:\/\/www.evearly.news\/fr\/wp-json\/wp\/v2\/media?parent=328548"}],"wp:term":[{"taxonomy":"category","embeddable":true,"href":"https:\/\/www.evearly.news\/fr\/wp-json\/wp\/v2\/categories?post=328548"},{"taxonomy":"post_tag","embeddable":true,"href":"https:\/\/www.evearly.news\/fr\/wp-json\/wp\/v2\/tags?post=328548"}],"curies":[{"name":"wp","href":"https:\/\/api.w.org\/{rel}","templated":true}]}}