{"id":328552,"date":"2026-09-01T12:05:05","date_gmt":"2026-09-01T10:05:05","guid":{"rendered":"https:\/\/www.evearly.news\/fr\/ces-dix-equipements-devraient-etre-standardises-dans-toutes-les-voitures-electriques\/"},"modified":"2026-09-01T12:05:05","modified_gmt":"2026-09-01T10:05:05","slug":"ces-dix-equipements-devraient-etre-standardises-dans-toutes-les-voitures-electriques","status":"publish","type":"post","link":"https:\/\/www.evearly.news\/fr\/ces-dix-equipements-devraient-etre-standardises-dans-toutes-les-voitures-electriques\/","title":{"rendered":"Ces dix \u00e9quipements devraient \u00eatre standardis\u00e9s dans toutes les voitures \u00e9lectriques"},"content":{"rendered":"<p><img loading=\"lazy\" decoding=\"async\" width=\"500\" height=\"333\" src=\"https:\/\/cdn.automobile-propre.com\/uploads\/2026\/08\/@Nass-M.-Statique-Mercedes-GLA-e\u0301lectrique-34-1640x1093-1-1536x1024.jpg\" class=\"attachment-1200x800 size-1200x800 wp-post-image\" alt=\"Ecran mercedes GLA \u00e9lectrique\" srcset=\"https:\/\/cdn.automobile-propre.com\/uploads\/2026\/08\/@Nass-M.-Statique-Mercedes-GLA-e\u0301lectrique-34-1640x1093-1-1536x1024.jpg 1536w, https:\/\/cdn.automobile-propre.com\/uploads\/2026\/08\/@Nass-M.-Statique-Mercedes-GLA-e\u0301lectrique-34-1640x1093-1-1024x682.jpg 1024w, https:\/\/cdn.automobile-propre.com\/uploads\/2026\/08\/@Nass-M.-Statique-Mercedes-GLA-e\u0301lectrique-34-1640x1093-1-140x93.jpg 140w, https:\/\/cdn.automobile-propre.com\/uploads\/2026\/08\/@Nass-M.-Statique-Mercedes-GLA-e\u0301lectrique-34-1640x1093-1-768x512.jpg 768w, https:\/\/cdn.automobile-propre.com\/uploads\/2026\/08\/@Nass-M.-Statique-Mercedes-GLA-e\u0301lectrique-34-1640x1093-1-700x467.jpg 700w, https:\/\/cdn.automobile-propre.com\/uploads\/2026\/08\/@Nass-M.-Statique-Mercedes-GLA-e\u0301lectrique-34-1640x1093-1-960x640.jpg 960w, https:\/\/cdn.automobile-propre.com\/uploads\/2026\/08\/@Nass-M.-Statique-Mercedes-GLA-e\u0301lectrique-34-1640x1093-1-100x66.jpg 100w, https:\/\/cdn.automobile-propre.com\/uploads\/2026\/08\/@Nass-M.-Statique-Mercedes-GLA-e\u0301lectrique-34-1640x1093-1.jpg 1640w\" sizes=\"auto, (max-width: 1200px) 100vw, 1200px\" \/><br \/>\nA l&rsquo;instar du thermique, il y a des \u00e9quipements et les fonctionnalit\u00e9s dans les voitures \u00e9lectriques dont on ne devrait plus devoir se passer, quels que soient le mod\u00e8le, la gamme ou le prix. Revue de d\u00e9tails de ces incontournables qui devraient \u00eatre standardis\u00e9s.\u00a0<a href=https:\/\/www.automobile-propre.com\/articles\/ces-dix-equipements-devraient-etre-standardises-dans-toutes-les-voitures-electriques\/ target='bwindow'>Lire la suite&#8230;<\/a><\/p>\n","protected":false},"excerpt":{"rendered":"<p>&#8230; <a class=\"continue-reading-link\" href=\"https:\/\/www.evearly.news\/fr\/ces-dix-equipements-devraient-etre-standardises-dans-toutes-les-voitures-electriques\/\"><\/a><\/p>\n","protected":false},"author":8,"featured_media":0,"comment_status":"closed","ping_status":"open","sticky":false,"template":"Default","format":"standard","meta":{"footnotes":""},"categories":[8],"tags":[],"class_list":["post-328552","post","type-post","status-publish","format-standard","hentry","category-automobile-propre"],"_links":{"self":[{"href":"https:\/\/www.evearly.news\/fr\/wp-json\/wp\/v2\/posts\/328552","targetHints":{"allow":["GET"]}}],"collection":[{"href":"https:\/\/www.evearly.news\/fr\/wp-json\/wp\/v2\/posts"}],"about":[{"href":"https:\/\/www.evearly.news\/fr\/wp-json\/wp\/v2\/types\/post"}],"author":[{"embeddable":true,"href":"https:\/\/www.evearly.news\/fr\/wp-json\/wp\/v2\/users\/8"}],"replies":[{"embeddable":true,"href":"https:\/\/www.evearly.news\/fr\/wp-json\/wp\/v2\/comments?post=328552"}],"version-history":[{"count":0,"href":"https:\/\/www.evearly.news\/fr\/wp-json\/wp\/v2\/posts\/328552\/revisions"}],"wp:attachment":[{"href":"https:\/\/www.evearly.news\/fr\/wp-json\/wp\/v2\/media?parent=328552"}],"wp:term":[{"taxonomy":"category","embeddable":true,"href":"https:\/\/www.evearly.news\/fr\/wp-json\/wp\/v2\/categories?post=328552"},{"taxonomy":"post_tag","embeddable":true,"href":"https:\/\/www.evearly.news\/fr\/wp-json\/wp\/v2\/tags?post=328552"}],"curies":[{"name":"wp","href":"https:\/\/api.w.org\/{rel}","templated":true}]}}