{"id":328553,"date":"2026-09-01T12:30:00","date_gmt":"2026-09-01T10:30:00","guid":{"rendered":"https:\/\/www.evearly.news\/fr\/?p=328553"},"modified":"2026-09-01T12:30:00","modified_gmt":"2026-09-01T10:30:00","slug":"les-francais-nont-jamais-autant-achete-autant-de-voitures-electriques-quau-mois-daout-2026","status":"publish","type":"post","link":"https:\/\/www.evearly.news\/fr\/les-francais-nont-jamais-autant-achete-autant-de-voitures-electriques-quau-mois-daout-2026\/","title":{"rendered":"Les Fran\u00e7ais n\u2019ont jamais autant achet\u00e9 autant de voitures \u00e9lectriques qu\u2019au mois d\u2019ao\u00fbt 2026"},"content":{"rendered":"<p><img decoding=\"async\" src=\"https:\/\/www.evearly.news\/fr\/wp-content\/uploads\/sites\/6\/2026\/09\/les-francais-nont-jamais-autant-achete-autant-de-voitures-electriques-quau-mois-daout-2026.jpg\" alt=\"caradisiac\" \n><br \/>Le nouveau record de parts de march\u00e9 des voitures \u00e9lectriques neuves porte encore les ventes de v\u00e9hicules neufs. Est-il d\u00fb principalement \u00e0 l\u2019augmentation des aides \u00e0 l\u2019achat de ces mod\u00e8les\u00a0? Une chose est s\u00fbre\u00a0: il permet au march\u00e9 fran\u00e7ais de surnager. Et le gros Tesla Model Y devance toujours la petite Renault 5 chez les \u00e9lectriques. <a href=https:\/\/www.caradisiac.com\/les-francais-n-ont-jamais-autant-achete-autant-de-voitures-electriques-qu-au-mois-d-aout-2026-223796.htm#xtor=RSS-40 target=blank>Lire la suite&#8230;<\/a><\/p>\n","protected":false},"excerpt":{"rendered":"<p><img decoding=\"async\" src=\"https:\/\/www.evearly.news\/fr\/wp-content\/uploads\/sites\/6\/2026\/09\/les-francais-nont-jamais-autant-achete-autant-de-voitures-electriques-quau-mois-daout-2026.jpg\" alt=\"caradisiac\"><br \/>Le nouveau record de parts de march\u00e9 des voitures \u00e9lectriques neuves porte encore les ventes de v\u00e9hicules neufs. Est-il d\u00fb principalement \u00e0 l\u2019augmentation des aides \u00e0 l\u2019achat de ces mod\u00e8les\u00a0? Une chose est s\u00fbre\u00a0: il permet au march\u00e9 fran\u00e7ais de surnager. Et le gros Tesla Model Y devance toujours la petite Renault 5 chez les \u00e9lectriques.<\/p>\n<p> <a class=\"continue-reading-link\" href=\"https:\/\/www.evearly.news\/fr\/les-francais-nont-jamais-autant-achete-autant-de-voitures-electriques-quau-mois-daout-2026\/\"><\/a><\/p>\n","protected":false},"author":11,"featured_media":328554,"comment_status":"closed","ping_status":"open","sticky":false,"template":"Default","format":"standard","meta":{"footnotes":""},"categories":[11],"tags":[],"class_list":["post-328553","post","type-post","status-publish","format-standard","has-post-thumbnail","hentry","category-caradisiac"],"_links":{"self":[{"href":"https:\/\/www.evearly.news\/fr\/wp-json\/wp\/v2\/posts\/328553","targetHints":{"allow":["GET"]}}],"collection":[{"href":"https:\/\/www.evearly.news\/fr\/wp-json\/wp\/v2\/posts"}],"about":[{"href":"https:\/\/www.evearly.news\/fr\/wp-json\/wp\/v2\/types\/post"}],"author":[{"embeddable":true,"href":"https:\/\/www.evearly.news\/fr\/wp-json\/wp\/v2\/users\/11"}],"replies":[{"embeddable":true,"href":"https:\/\/www.evearly.news\/fr\/wp-json\/wp\/v2\/comments?post=328553"}],"version-history":[{"count":1,"href":"https:\/\/www.evearly.news\/fr\/wp-json\/wp\/v2\/posts\/328553\/revisions"}],"predecessor-version":[{"id":328563,"href":"https:\/\/www.evearly.news\/fr\/wp-json\/wp\/v2\/posts\/328553\/revisions\/328563"}],"wp:featuredmedia":[{"embeddable":true,"href":"https:\/\/www.evearly.news\/fr\/wp-json\/wp\/v2\/media\/328554"}],"wp:attachment":[{"href":"https:\/\/www.evearly.news\/fr\/wp-json\/wp\/v2\/media?parent=328553"}],"wp:term":[{"taxonomy":"category","embeddable":true,"href":"https:\/\/www.evearly.news\/fr\/wp-json\/wp\/v2\/categories?post=328553"},{"taxonomy":"post_tag","embeddable":true,"href":"https:\/\/www.evearly.news\/fr\/wp-json\/wp\/v2\/tags?post=328553"}],"curies":[{"name":"wp","href":"https:\/\/api.w.org\/{rel}","templated":true}]}}